{"id":1215,"date":"2020-03-23T15:32:52","date_gmt":"2020-03-23T15:32:52","guid":{"rendered":"https:\/\/psico2.com\/?p=1215"},"modified":"2020-03-23T15:39:27","modified_gmt":"2020-03-23T15:39:27","slug":"educamos-con-igualdad","status":"publish","type":"post","link":"https:\/\/psico2.com\/es\/general\/educamos-con-igualdad\/","title":{"rendered":"EDUCAMOS CON IGUALDAD?"},"content":{"rendered":"<p>Antes de responder a esta pregunta, antes que nada deber\u00edamos delimitar qu\u00e9 es la igualdad. Es importante dejar claro que la igualdad no se entiende como la eliminaci\u00f3n de las diferencias, sino la ausencia de discriminaci\u00f3n por la existencia de estas.<\/p>\n<p>Partimos de la idea de que, seguramente, todos y todas tenemos como objetivo educar en la igualdad, es decir, en promover las relaciones de respeto y la igualdad de g\u00e9nero en casa. Y si nos preguntaran si educamos con igualdad, la mayor\u00eda de las respuestas ser\u00edan la de un s\u00ed convencido. Creo que hasta aqu\u00ed podr\u00edamos estar todos de acuerdo.<\/p>\n<p>Pero, a\u00fan as\u00ed, la realidad y las estad\u00edsticas actuales muestran que todav\u00eda estamos lejos de este imaginario. Una muestra de ello es que en datos de este 2020, m\u00e1s de la mitad de las madres dejan el trabajo para cuidar de los hijos y las hijas cuando se enferman. En cambio, los padres lo hacen un 14,3%. Tambi\u00e9n son el 36,4% de las madres que buscan un trabajo con horario parcial para poder cuidar de sus hijos, frente al 15,6% de lo que lo hacen los padres. Y, siguiendo esta l\u00ednea, un 24% m\u00e1s de madres que de padres el parque a jugar con sus hijos.<\/p>\n<p>La realidad, pues, es que existen ciertos patrones, roles, im\u00e1genes y costumbres en las familias que hacen que esta igualdad no siempre sea del todo posible. Dedicar un tiempo para pensar y cuestionar nuestras tradiciones, conductas, lenguaje, consumo y formas de ocio, tal vez nos ayudan a observar nuestras ambivalencias y contradicciones.<\/p>\n<p>Y es que el papel de la familia es clave. Es el primer medio social en que la ni\u00f1a o el ni\u00f1o se desarrollan, por lo que su influencia es muy significativa en la construcci\u00f3n de la identidad. Las expectativas que tienen sus progenitores son determinantes en el futuro de su hijo o hija, y son con las que se inicia el proceso de socializaci\u00f3n del g\u00e9nero. \u00bfSe ha cuestionado nunca como operan nuestras ideas preconcebidas y nuestros prejuicios en la educaci\u00f3n y co-transmisi\u00f3n de valores? La respuesta es mucho. Y con una mirada de g\u00e9nero, tambi\u00e9n.<\/p>\n<p>Por lo tanto, educar en igualdad necesita que nosotros seamos un modelo de igualdad. Tambi\u00e9n ocurre, por ejemplo, para desmitificar mitos de amor rom\u00e1ntico, mientras miramos las por \u2022 pel\u00edculas y cuentos que tan gustan nuestros hijos e hijas. Es necesario no asociar ning\u00fan juego o juguete con el sexo de nuestros hijos \/ as y repartir tareas dom\u00e9sticas equitativamente. Hay, tambi\u00e9n, fomentar la conciencia, expresi\u00f3n y gesti\u00f3n emocional independientemente del sexo.<\/p>\n<p>Y es que educar en igualdad, empieza por educar CON igualdad. P\u00e1salo.<\/p>\n<p>&nbsp;<\/p>\n<p>&nbsp;<\/p>\n<p>&nbsp;<\/p>\n<p>&nbsp;<\/p>\n","protected":false},"excerpt":{"rendered":"<p>Antes de responder a esta pregunta, antes que nada deber\u00edamos delimitar qu\u00e9 es la igualdad. Es importante dejar claro que la igualdad no se entiende como la eliminaci\u00f3n de las diferencias, sino la ausencia de discriminaci\u00f3n por la existencia de estas. Partimos de la idea de que, seguramente, todos y todas tenemos como objetivo educar [&hellip;]<\/p>\n","protected":false},"author":5,"featured_media":1213,"comment_status":"closed","ping_status":"closed","sticky":false,"template":"","format":"standard","meta":{"footnotes":""},"categories":[187,5],"tags":[208,206,204],"class_list":["post-1215","post","type-post","status-publish","format-standard","has-post-thumbnail","hentry","category-terapia-infantil-es","category-general","tag-comunicacion","tag-emociones","tag-crecimiento-personal"],"yoast_head":"<!-- This site is optimized with the Yoast SEO plugin v27.1.1 - https:\/\/yoast.com\/product\/yoast-seo-wordpress\/ -->\n<title>EDUCAMOS CON IGUALDAD? | Psico2 | Georgina Barcel\u00f3 i Alba Sabat\u00e9<\/title>\n<meta name=\"description\" content=\"Antes de responder a esta pregunta, antes que nada deber\u00edamos delimitar qu\u00e9 es la igualdad. Es importante dejar claro que la igualdad no se entiende como\" \/>\n<meta name=\"robots\" content=\"index, follow, max-snippet:-1, max-image-preview:large, max-video-preview:-1\" \/>\n<link rel=\"canonical\" href=\"https:\/\/psico2.com\/es\/general\/educamos-con-igualdad\/\" \/>\n<meta property=\"og:locale\" content=\"es_ES\" \/>\n<meta property=\"og:type\" content=\"article\" \/>\n<meta property=\"og:title\" content=\"EDUCAMOS CON IGUALDAD? | Psico2 | Georgina Barcel\u00f3 i Alba Sabat\u00e9\" \/>\n<meta property=\"og:description\" content=\"Antes de responder a esta pregunta, antes que nada deber\u00edamos delimitar qu\u00e9 es la igualdad. Es importante dejar claro que la igualdad no se entiende como\" \/>\n<meta property=\"og:url\" content=\"https:\/\/psico2.com\/es\/general\/educamos-con-igualdad\/\" \/>\n<meta property=\"og:site_name\" content=\"Psico2\" \/>\n<meta property=\"article:publisher\" content=\"https:\/\/www.facebook.com\/psico2psicologiaipsicopedagogia\/\" \/>\n<meta property=\"article:published_time\" content=\"2020-03-23T15:32:52+00:00\" \/>\n<meta property=\"article:modified_time\" content=\"2020-03-23T15:39:27+00:00\" \/>\n<meta property=\"og:image\" content=\"https:\/\/psico2.com\/wp-content\/uploads\/2020\/03\/EDUQUEM-AMB-IGUALTTA.jpg\" \/>\n\t<meta property=\"og:image:width\" content=\"1599\" \/>\n\t<meta property=\"og:image:height\" content=\"1066\" \/>\n\t<meta property=\"og:image:type\" content=\"image\/jpeg\" \/>\n<meta name=\"author\" content=\"Georgina Barcel\u00f3\" \/>\n<meta name=\"twitter:card\" content=\"summary_large_image\" \/>\n<meta name=\"twitter:label1\" content=\"Escrito por\" \/>\n\t<meta name=\"twitter:data1\" content=\"Georgina Barcel\u00f3\" \/>\n\t<meta name=\"twitter:label2\" content=\"Tiempo de lectura\" \/>\n\t<meta name=\"twitter:data2\" content=\"2 minutos\" \/>\n<script type=\"application\/ld+json\" class=\"yoast-schema-graph\">{\"@context\":\"https:\/\/schema.org\",\"@graph\":[{\"@type\":\"Article\",\"@id\":\"https:\/\/psico2.com\/es\/general\/educamos-con-igualdad\/#article\",\"isPartOf\":{\"@id\":\"https:\/\/psico2.com\/es\/general\/educamos-con-igualdad\/\"},\"author\":{\"name\":\"Georgina Barcel\u00f3\",\"@id\":\"https:\/\/psico2.com\/es\/#\/schema\/person\/04c5c630b78e0a5aa0cd8fb06f710355\"},\"headline\":\"EDUCAMOS CON IGUALDAD?\",\"datePublished\":\"2020-03-23T15:32:52+00:00\",\"dateModified\":\"2020-03-23T15:39:27+00:00\",\"mainEntityOfPage\":{\"@id\":\"https:\/\/psico2.com\/es\/general\/educamos-con-igualdad\/\"},\"wordCount\":473,\"publisher\":{\"@id\":\"https:\/\/psico2.com\/es\/#organization\"},\"image\":{\"@id\":\"https:\/\/psico2.com\/es\/general\/educamos-con-igualdad\/#primaryimage\"},\"thumbnailUrl\":\"https:\/\/psico2.com\/wp-content\/uploads\/2020\/03\/EDUQUEM-AMB-IGUALTTA.jpg\",\"keywords\":[\"comunicaci\u00f3n\",\"emociones\",\"crecimiento personal\"],\"articleSection\":[\"Terapia infantil\",\"General\"],\"inLanguage\":\"es\"},{\"@type\":\"WebPage\",\"@id\":\"https:\/\/psico2.com\/es\/general\/educamos-con-igualdad\/\",\"url\":\"https:\/\/psico2.com\/es\/general\/educamos-con-igualdad\/\",\"name\":\"EDUCAMOS CON IGUALDAD? | Psico2 | Georgina Barcel\u00f3 i Alba Sabat\u00e9\",\"isPartOf\":{\"@id\":\"https:\/\/psico2.com\/es\/#website\"},\"primaryImageOfPage\":{\"@id\":\"https:\/\/psico2.com\/es\/general\/educamos-con-igualdad\/#primaryimage\"},\"image\":{\"@id\":\"https:\/\/psico2.com\/es\/general\/educamos-con-igualdad\/#primaryimage\"},\"thumbnailUrl\":\"https:\/\/psico2.com\/wp-content\/uploads\/2020\/03\/EDUQUEM-AMB-IGUALTTA.jpg\",\"datePublished\":\"2020-03-23T15:32:52+00:00\",\"dateModified\":\"2020-03-23T15:39:27+00:00\",\"description\":\"Antes de responder a esta pregunta, antes que nada deber\u00edamos delimitar qu\u00e9 es la igualdad. Es importante dejar claro que la igualdad no se entiende como\",\"breadcrumb\":{\"@id\":\"https:\/\/psico2.com\/es\/general\/educamos-con-igualdad\/#breadcrumb\"},\"inLanguage\":\"es\",\"potentialAction\":[{\"@type\":\"ReadAction\",\"target\":[\"https:\/\/psico2.com\/es\/general\/educamos-con-igualdad\/\"]}]},{\"@type\":\"ImageObject\",\"inLanguage\":\"es\",\"@id\":\"https:\/\/psico2.com\/es\/general\/educamos-con-igualdad\/#primaryimage\",\"url\":\"https:\/\/psico2.com\/wp-content\/uploads\/2020\/03\/EDUQUEM-AMB-IGUALTTA.jpg\",\"contentUrl\":\"https:\/\/psico2.com\/wp-content\/uploads\/2020\/03\/EDUQUEM-AMB-IGUALTTA.jpg\",\"width\":1599,\"height\":1066},{\"@type\":\"BreadcrumbList\",\"@id\":\"https:\/\/psico2.com\/es\/general\/educamos-con-igualdad\/#breadcrumb\",\"itemListElement\":[{\"@type\":\"ListItem\",\"position\":1,\"name\":\"Inici\",\"item\":\"https:\/\/psico2.com\/es\/\"},{\"@type\":\"ListItem\",\"position\":2,\"name\":\"EDUCAMOS CON IGUALDAD?\"}]},{\"@type\":\"WebSite\",\"@id\":\"https:\/\/psico2.com\/es\/#website\",\"url\":\"https:\/\/psico2.com\/es\/\",\"name\":\"Psico2\",\"description\":\"Georgina Barcel\u00f3 i Alba Sabat\u00e9\",\"publisher\":{\"@id\":\"https:\/\/psico2.com\/es\/#organization\"},\"potentialAction\":[{\"@type\":\"SearchAction\",\"target\":{\"@type\":\"EntryPoint\",\"urlTemplate\":\"https:\/\/psico2.com\/es\/?s={search_term_string}\"},\"query-input\":{\"@type\":\"PropertyValueSpecification\",\"valueRequired\":true,\"valueName\":\"search_term_string\"}}],\"inLanguage\":\"es\"},{\"@type\":\"Organization\",\"@id\":\"https:\/\/psico2.com\/es\/#organization\",\"name\":\"Psico2\",\"url\":\"https:\/\/psico2.com\/es\/\",\"logo\":{\"@type\":\"ImageObject\",\"inLanguage\":\"es\",\"@id\":\"https:\/\/psico2.com\/es\/#\/schema\/logo\/image\/\",\"url\":\"https:\/\/psico2.com\/wp-content\/uploads\/2019\/01\/logo.png\",\"contentUrl\":\"https:\/\/psico2.com\/wp-content\/uploads\/2019\/01\/logo.png\",\"width\":512,\"height\":512,\"caption\":\"Psico2\"},\"image\":{\"@id\":\"https:\/\/psico2.com\/es\/#\/schema\/logo\/image\/\"},\"sameAs\":[\"https:\/\/www.facebook.com\/psico2psicologiaipsicopedagogia\/\",\"https:\/\/www.instagram.com\/psico2.georginaialba\/\",\"https:\/\/www.linkedin.com\/company\/psico2-psicologia-i-psicopedagogia\/about\/\"]},{\"@type\":\"Person\",\"@id\":\"https:\/\/psico2.com\/es\/#\/schema\/person\/04c5c630b78e0a5aa0cd8fb06f710355\",\"name\":\"Georgina Barcel\u00f3\",\"image\":{\"@type\":\"ImageObject\",\"inLanguage\":\"es\",\"@id\":\"https:\/\/psico2.com\/es\/#\/schema\/person\/image\/\",\"url\":\"https:\/\/secure.gravatar.com\/avatar\/f0e35fb2cd794feefeabfb4055b153e7312015d7fc9d940039c1bffc1a595c7a?s=96&d=mm&r=g\",\"contentUrl\":\"https:\/\/secure.gravatar.com\/avatar\/f0e35fb2cd794feefeabfb4055b153e7312015d7fc9d940039c1bffc1a595c7a?s=96&d=mm&r=g\",\"caption\":\"Georgina Barcel\u00f3\"}}]}<\/script>\n<!-- \/ Yoast SEO plugin. -->","yoast_head_json":{"title":"EDUCAMOS CON IGUALDAD? | Psico2 | Georgina Barcel\u00f3 i Alba Sabat\u00e9","description":"Antes de responder a esta pregunta, antes que nada deber\u00edamos delimitar qu\u00e9 es la igualdad. Es importante dejar claro que la igualdad no se entiende como","robots":{"index":"index","follow":"follow","max-snippet":"max-snippet:-1","max-image-preview":"max-image-preview:large","max-video-preview":"max-video-preview:-1"},"canonical":"https:\/\/psico2.com\/es\/general\/educamos-con-igualdad\/","og_locale":"es_ES","og_type":"article","og_title":"EDUCAMOS CON IGUALDAD? | Psico2 | Georgina Barcel\u00f3 i Alba Sabat\u00e9","og_description":"Antes de responder a esta pregunta, antes que nada deber\u00edamos delimitar qu\u00e9 es la igualdad. Es importante dejar claro que la igualdad no se entiende como","og_url":"https:\/\/psico2.com\/es\/general\/educamos-con-igualdad\/","og_site_name":"Psico2","article_publisher":"https:\/\/www.facebook.com\/psico2psicologiaipsicopedagogia\/","article_published_time":"2020-03-23T15:32:52+00:00","article_modified_time":"2020-03-23T15:39:27+00:00","og_image":[{"width":1599,"height":1066,"url":"https:\/\/psico2.com\/wp-content\/uploads\/2020\/03\/EDUQUEM-AMB-IGUALTTA.jpg","type":"image\/jpeg"}],"author":"Georgina Barcel\u00f3","twitter_card":"summary_large_image","twitter_misc":{"Escrito por":"Georgina Barcel\u00f3","Tiempo de lectura":"2 minutos"},"schema":{"@context":"https:\/\/schema.org","@graph":[{"@type":"Article","@id":"https:\/\/psico2.com\/es\/general\/educamos-con-igualdad\/#article","isPartOf":{"@id":"https:\/\/psico2.com\/es\/general\/educamos-con-igualdad\/"},"author":{"name":"Georgina Barcel\u00f3","@id":"https:\/\/psico2.com\/es\/#\/schema\/person\/04c5c630b78e0a5aa0cd8fb06f710355"},"headline":"EDUCAMOS CON IGUALDAD?","datePublished":"2020-03-23T15:32:52+00:00","dateModified":"2020-03-23T15:39:27+00:00","mainEntityOfPage":{"@id":"https:\/\/psico2.com\/es\/general\/educamos-con-igualdad\/"},"wordCount":473,"publisher":{"@id":"https:\/\/psico2.com\/es\/#organization"},"image":{"@id":"https:\/\/psico2.com\/es\/general\/educamos-con-igualdad\/#primaryimage"},"thumbnailUrl":"https:\/\/psico2.com\/wp-content\/uploads\/2020\/03\/EDUQUEM-AMB-IGUALTTA.jpg","keywords":["comunicaci\u00f3n","emociones","crecimiento personal"],"articleSection":["Terapia infantil","General"],"inLanguage":"es"},{"@type":"WebPage","@id":"https:\/\/psico2.com\/es\/general\/educamos-con-igualdad\/","url":"https:\/\/psico2.com\/es\/general\/educamos-con-igualdad\/","name":"EDUCAMOS CON IGUALDAD? | Psico2 | Georgina Barcel\u00f3 i Alba Sabat\u00e9","isPartOf":{"@id":"https:\/\/psico2.com\/es\/#website"},"primaryImageOfPage":{"@id":"https:\/\/psico2.com\/es\/general\/educamos-con-igualdad\/#primaryimage"},"image":{"@id":"https:\/\/psico2.com\/es\/general\/educamos-con-igualdad\/#primaryimage"},"thumbnailUrl":"https:\/\/psico2.com\/wp-content\/uploads\/2020\/03\/EDUQUEM-AMB-IGUALTTA.jpg","datePublished":"2020-03-23T15:32:52+00:00","dateModified":"2020-03-23T15:39:27+00:00","description":"Antes de responder a esta pregunta, antes que nada deber\u00edamos delimitar qu\u00e9 es la igualdad. Es importante dejar claro que la igualdad no se entiende como","breadcrumb":{"@id":"https:\/\/psico2.com\/es\/general\/educamos-con-igualdad\/#breadcrumb"},"inLanguage":"es","potentialAction":[{"@type":"ReadAction","target":["https:\/\/psico2.com\/es\/general\/educamos-con-igualdad\/"]}]},{"@type":"ImageObject","inLanguage":"es","@id":"https:\/\/psico2.com\/es\/general\/educamos-con-igualdad\/#primaryimage","url":"https:\/\/psico2.com\/wp-content\/uploads\/2020\/03\/EDUQUEM-AMB-IGUALTTA.jpg","contentUrl":"https:\/\/psico2.com\/wp-content\/uploads\/2020\/03\/EDUQUEM-AMB-IGUALTTA.jpg","width":1599,"height":1066},{"@type":"BreadcrumbList","@id":"https:\/\/psico2.com\/es\/general\/educamos-con-igualdad\/#breadcrumb","itemListElement":[{"@type":"ListItem","position":1,"name":"Inici","item":"https:\/\/psico2.com\/es\/"},{"@type":"ListItem","position":2,"name":"EDUCAMOS CON IGUALDAD?"}]},{"@type":"WebSite","@id":"https:\/\/psico2.com\/es\/#website","url":"https:\/\/psico2.com\/es\/","name":"Psico2","description":"Georgina Barcel\u00f3 i Alba Sabat\u00e9","publisher":{"@id":"https:\/\/psico2.com\/es\/#organization"},"potentialAction":[{"@type":"SearchAction","target":{"@type":"EntryPoint","urlTemplate":"https:\/\/psico2.com\/es\/?s={search_term_string}"},"query-input":{"@type":"PropertyValueSpecification","valueRequired":true,"valueName":"search_term_string"}}],"inLanguage":"es"},{"@type":"Organization","@id":"https:\/\/psico2.com\/es\/#organization","name":"Psico2","url":"https:\/\/psico2.com\/es\/","logo":{"@type":"ImageObject","inLanguage":"es","@id":"https:\/\/psico2.com\/es\/#\/schema\/logo\/image\/","url":"https:\/\/psico2.com\/wp-content\/uploads\/2019\/01\/logo.png","contentUrl":"https:\/\/psico2.com\/wp-content\/uploads\/2019\/01\/logo.png","width":512,"height":512,"caption":"Psico2"},"image":{"@id":"https:\/\/psico2.com\/es\/#\/schema\/logo\/image\/"},"sameAs":["https:\/\/www.facebook.com\/psico2psicologiaipsicopedagogia\/","https:\/\/www.instagram.com\/psico2.georginaialba\/","https:\/\/www.linkedin.com\/company\/psico2-psicologia-i-psicopedagogia\/about\/"]},{"@type":"Person","@id":"https:\/\/psico2.com\/es\/#\/schema\/person\/04c5c630b78e0a5aa0cd8fb06f710355","name":"Georgina Barcel\u00f3","image":{"@type":"ImageObject","inLanguage":"es","@id":"https:\/\/psico2.com\/es\/#\/schema\/person\/image\/","url":"https:\/\/secure.gravatar.com\/avatar\/f0e35fb2cd794feefeabfb4055b153e7312015d7fc9d940039c1bffc1a595c7a?s=96&d=mm&r=g","contentUrl":"https:\/\/secure.gravatar.com\/avatar\/f0e35fb2cd794feefeabfb4055b153e7312015d7fc9d940039c1bffc1a595c7a?s=96&d=mm&r=g","caption":"Georgina Barcel\u00f3"}}]}},"_links":{"self":[{"href":"https:\/\/psico2.com\/es\/wp-json\/wp\/v2\/posts\/1215","targetHints":{"allow":["GET"]}}],"collection":[{"href":"https:\/\/psico2.com\/es\/wp-json\/wp\/v2\/posts"}],"about":[{"href":"https:\/\/psico2.com\/es\/wp-json\/wp\/v2\/types\/post"}],"author":[{"embeddable":true,"href":"https:\/\/psico2.com\/es\/wp-json\/wp\/v2\/users\/5"}],"replies":[{"embeddable":true,"href":"https:\/\/psico2.com\/es\/wp-json\/wp\/v2\/comments?post=1215"}],"version-history":[{"count":4,"href":"https:\/\/psico2.com\/es\/wp-json\/wp\/v2\/posts\/1215\/revisions"}],"predecessor-version":[{"id":1219,"href":"https:\/\/psico2.com\/es\/wp-json\/wp\/v2\/posts\/1215\/revisions\/1219"}],"wp:featuredmedia":[{"embeddable":true,"href":"https:\/\/psico2.com\/es\/wp-json\/wp\/v2\/media\/1213"}],"wp:attachment":[{"href":"https:\/\/psico2.com\/es\/wp-json\/wp\/v2\/media?parent=1215"}],"wp:term":[{"taxonomy":"category","embeddable":true,"href":"https:\/\/psico2.com\/es\/wp-json\/wp\/v2\/categories?post=1215"},{"taxonomy":"post_tag","embeddable":true,"href":"https:\/\/psico2.com\/es\/wp-json\/wp\/v2\/tags?post=1215"}],"curies":[{"name":"wp","href":"https:\/\/api.w.org\/{rel}","templated":true}]}}