{"id":705,"date":"2015-09-17T14:26:09","date_gmt":"2015-09-17T14:26:09","guid":{"rendered":"https:\/\/psico2.com\/general\/5-consejos-express-para-afrontar-con-exito-el-inicio-del-curso-escolar\/"},"modified":"2019-03-29T15:06:44","modified_gmt":"2019-03-29T15:06:44","slug":"5-consejos-express-para-afrontar-con-exito-el-inicio-del-curso-escolar","status":"publish","type":"post","link":"https:\/\/psico2.com\/es\/general\/5-consejos-express-para-afrontar-con-exito-el-inicio-del-curso-escolar\/","title":{"rendered":"5 Consejos express para afrontar con \u00e9xito el inicio del curso escolar"},"content":{"rendered":"<p>Avui ha comen\u00e7at l&#8217;escola per la\u00a0majoria de nens i nenes! M\u00e9s enll\u00e0\u00a0de l&#8217;alegria continguda dels pares\u00a0perqu\u00e8 les llargues vacances\u00a0escolars ja s&#8217;acaben i la rutina,\u00a0sempre tan necess\u00e0ria pels nens i nenes, torna. L&#8217;escola \u00e9s un dels\u00a0llocs m\u00e9s importants per a l&#8217;infant, ja que \u00e9s on passa la majoria de les hores\u00a0del dia, on es desenvolupar\u00e0, on establir\u00e0 relacions amb els seus iguals, i on se li proporcionaran molts aprenentatges.<\/p>\n<p>Pels alumnes que comencen per primera vegada l&#8217;escola, avui \u00e9s un dia encara m\u00e9s especial, ja que per a alguns suposa la primera separaci\u00f3 f\u00edsica i afectiva del seu entorn familiar. Per als nens que han anat a una Llar d&#8217;Infants, l&#8217;escola significa entrar a una comunitat nova, m\u00e9s nombrosa i complexe on desenvolupar-se. En els dos casos, per\u00f2, trobaran en un nou entorn, nous adults, nous companys, noves normes.<\/p>\n<p>Les criatures ho poden viure com una sensaci\u00f3 d&#8217;abandonament (la mare -la meva mare-, em deixa aqu\u00ed sol i se&#8217;n va!!!). Per aix\u00f2 ploren i s&#8217;enfaden, fins que descobreixen, mica en mica, que la mare o el pare torna a buscar-los cada dia&#8230;Per\u00f2 aix\u00f2 \u00e9s un proc\u00e9s i, com a tal, requereix temps. Temps i paci\u00e8ncia!<\/p>\n<p>I aix\u00f2 \u00e9s el que anomenem per\u00edode d&#8217;adaptaci\u00f3, que en funci\u00f3 de l&#8217;infant durar\u00e0 uns dies o setmanes. Cal tenir en compte que per a ells \u00e9s un trencament de les coses que ja coneixen, de les seves refer\u00e8ncies afectives, d&#8217;on es senten protegits.<\/p>\n<p>Per\u00f2 no nom\u00e9s \u00e9s un dia diferent pels nens i nenes, sin\u00f3 que tamb\u00e9 ho \u00e9s pels seus pares i familiars. Tots i els sentiments contradictoris que poden existir i que s\u00f3n part d&#8217;un proc\u00e9s normal de separaci\u00f3 (l&#8217;alegria perqu\u00e8 es fan grans i per saber que estan en un lloc on aprendran i tindran moltes experi\u00e8ncies enriquidores, a la vegada d&#8217;un sentiment de culpa per abandonar-los amb persones desconegudes), cal afrontar aquesta separaci\u00f3 amb alegria i tranquil\u2022litat.<\/p>\n<p>Cada nen, t\u00e9 el seu ritme d&#8217;adaptaci\u00f3, per\u00f2 la fam\u00edlia pot ajudar a facilitar-lo. Tot i que no sempre ens podrem estalviar els plor, les rebequeries, etc., s\u00ed que hi ha unes pautes a seguir que poden facilitar aquesta tan esperada adaptaci\u00f3 a l&#8217;escola:<\/p>\n<ol>\n<li>Prepareu el vostre fill o filla sobre on aniran i qu\u00e8 faran. Sempre amb una actitud positiva, explicant-li que jugar\u00e0 molt, que hi haur\u00e0 un\/a mestre\/a que el cuidar\u00e0 molt, etc.<\/li>\n<li>Els matins, a casa, com m\u00e9s tranquils siguin millor, per poder atendre les seves inquietuds i transmetre&#8217;ls tranquil\u2022litat.<\/li>\n<li>En arribar a la classe, us heu de mostrar segurs i confiats. Parlar amb la mestra us pot ajudar a estar m\u00e9s relaxats.<\/li>\n<li>El comiat ha de ser tendre, procurant no allargar-lo. Recordeu-li que el vindreu a buscar, desitgeu-li un bon dia i feu-li un comiat amb abra\u00e7ada i petons. En aquest moment la seguretat i la confian\u00e7a \u00e9s clau per no transmetre-li al nen sentiments de pors. Si plora o fa una rebequeria, ho heu d&#8217;entendre com una cosa normal, per\u00f2 no defalliu, si us quedeu, entendr\u00e0 que amb el plor us retindr\u00e0 i aix\u00f2 dificultar\u00e0 la seva adaptaci\u00f3 (podeu estar tranquils, generalment el plor desapareix al cap d&#8217;una estona de la vostra\u00a0marxa, ja que descobriran les moltes sorpreses que tenen a l&#8217;aula).<\/li>\n<li>Quan l&#8217;aneu a buscar, el retrobament ha de ser tamb\u00e9 molt tendre. A vegades poden posar-se a plorar per demostrar-nos que segueixen enfadats per haver-los deixat a l\u2019escola. Intenteu no fer-li massa cas a aquest fet i pregunteu-los-hi per les coses bones que han passat durant el dia.<\/li>\n<\/ol>\n<p>Molta sort i que tingueu un bon inici de curs!!!!!<\/p>\n<p style=\"text-align: right;\"><strong>Equip de Psico2 psicologia i psicopedagogia<\/strong><\/p>\n","protected":false},"excerpt":{"rendered":"<p>Avui ha comen\u00e7at l&#8217;escola per la\u00a0majoria de nens i nenes! M\u00e9s enll\u00e0\u00a0de l&#8217;alegria continguda dels pares\u00a0perqu\u00e8 les llargues vacances\u00a0escolars ja s&#8217;acaben i la rutina,\u00a0sempre tan necess\u00e0ria pels nens i nenes, torna. L&#8217;escola \u00e9s un dels\u00a0llocs m\u00e9s importants per a l&#8217;infant, ja que \u00e9s on passa la majoria de les hores\u00a0del dia, on es desenvolupar\u00e0, on [&hellip;]<\/p>\n","protected":false},"author":5,"featured_media":225,"comment_status":"closed","ping_status":"closed","sticky":false,"template":"","format":"standard","meta":{"footnotes":""},"categories":[213,187,5],"tags":[210,206,203],"class_list":["post-705","post","type-post","status-publish","format-standard","has-post-thumbnail","hentry","category-dificultades-de-aprendizaje","category-terapia-infantil-es","category-general","tag-miedos","tag-emociones","tag-inseguridad"],"yoast_head":"<!-- This site is optimized with the Yoast SEO plugin v27.1.1 - https:\/\/yoast.com\/product\/yoast-seo-wordpress\/ -->\n<title>5 Consejos express para afrontar con \u00e9xito el inicio del curso escolar | Psico2 | Georgina Barcel\u00f3 i Alba Sabat\u00e9<\/title>\n<meta name=\"description\" content=\"Avui ha comen\u00e7at l&#039;escola per la\u00a0majoria de nens i nenes! M\u00e9s enll\u00e0\u00a0de l&#039;alegria continguda dels pares\u00a0perqu\u00e8 les llargues vacances\u00a0escolars ja s&#039;acaben i\" \/>\n<meta name=\"robots\" content=\"index, follow, max-snippet:-1, max-image-preview:large, max-video-preview:-1\" \/>\n<link rel=\"canonical\" href=\"https:\/\/psico2.com\/es\/general\/5-consejos-express-para-afrontar-con-exito-el-inicio-del-curso-escolar\/\" \/>\n<meta property=\"og:locale\" content=\"es_ES\" \/>\n<meta property=\"og:type\" content=\"article\" \/>\n<meta property=\"og:title\" content=\"5 Consejos express para afrontar con \u00e9xito el inicio del curso escolar | Psico2 | Georgina Barcel\u00f3 i Alba Sabat\u00e9\" \/>\n<meta property=\"og:description\" content=\"Avui ha comen\u00e7at l&#039;escola per la\u00a0majoria de nens i nenes! M\u00e9s enll\u00e0\u00a0de l&#039;alegria continguda dels pares\u00a0perqu\u00e8 les llargues vacances\u00a0escolars ja s&#039;acaben i\" \/>\n<meta property=\"og:url\" content=\"https:\/\/psico2.com\/es\/general\/5-consejos-express-para-afrontar-con-exito-el-inicio-del-curso-escolar\/\" \/>\n<meta property=\"og:site_name\" content=\"Psico2\" \/>\n<meta property=\"article:publisher\" content=\"https:\/\/www.facebook.com\/psico2psicologiaipsicopedagogia\/\" \/>\n<meta property=\"article:published_time\" content=\"2015-09-17T14:26:09+00:00\" \/>\n<meta property=\"article:modified_time\" content=\"2019-03-29T15:06:44+00:00\" \/>\n<meta property=\"og:image\" content=\"https:\/\/psico2.com\/wp-content\/uploads\/2019\/02\/Dibujo.jpg\" \/>\n\t<meta property=\"og:image:width\" content=\"773\" \/>\n\t<meta property=\"og:image:height\" content=\"553\" \/>\n\t<meta property=\"og:image:type\" content=\"image\/jpeg\" \/>\n<meta name=\"author\" content=\"Georgina Barcel\u00f3\" \/>\n<meta name=\"twitter:card\" content=\"summary_large_image\" \/>\n<meta name=\"twitter:label1\" content=\"Escrito por\" \/>\n\t<meta name=\"twitter:data1\" content=\"Georgina Barcel\u00f3\" \/>\n\t<meta name=\"twitter:label2\" content=\"Tiempo de lectura\" \/>\n\t<meta name=\"twitter:data2\" content=\"3 minutos\" \/>\n<script type=\"application\/ld+json\" class=\"yoast-schema-graph\">{\"@context\":\"https:\/\/schema.org\",\"@graph\":[{\"@type\":\"Article\",\"@id\":\"https:\/\/psico2.com\/es\/general\/5-consejos-express-para-afrontar-con-exito-el-inicio-del-curso-escolar\/#article\",\"isPartOf\":{\"@id\":\"https:\/\/psico2.com\/es\/general\/5-consejos-express-para-afrontar-con-exito-el-inicio-del-curso-escolar\/\"},\"author\":{\"name\":\"Georgina Barcel\u00f3\",\"@id\":\"https:\/\/psico2.com\/es\/#\/schema\/person\/04c5c630b78e0a5aa0cd8fb06f710355\"},\"headline\":\"5 Consejos express para afrontar con \u00e9xito el inicio del curso escolar\",\"datePublished\":\"2015-09-17T14:26:09+00:00\",\"dateModified\":\"2019-03-29T15:06:44+00:00\",\"mainEntityOfPage\":{\"@id\":\"https:\/\/psico2.com\/es\/general\/5-consejos-express-para-afrontar-con-exito-el-inicio-del-curso-escolar\/\"},\"wordCount\":666,\"publisher\":{\"@id\":\"https:\/\/psico2.com\/es\/#organization\"},\"image\":{\"@id\":\"https:\/\/psico2.com\/es\/general\/5-consejos-express-para-afrontar-con-exito-el-inicio-del-curso-escolar\/#primaryimage\"},\"thumbnailUrl\":\"https:\/\/psico2.com\/wp-content\/uploads\/2019\/02\/Dibujo.jpg\",\"keywords\":[\"miedos\",\"emociones\",\"inseguridad\"],\"articleSection\":[\"Dificultades de aprendizaje\",\"Terapia infantil\",\"General\"],\"inLanguage\":\"es\"},{\"@type\":\"WebPage\",\"@id\":\"https:\/\/psico2.com\/es\/general\/5-consejos-express-para-afrontar-con-exito-el-inicio-del-curso-escolar\/\",\"url\":\"https:\/\/psico2.com\/es\/general\/5-consejos-express-para-afrontar-con-exito-el-inicio-del-curso-escolar\/\",\"name\":\"5 Consejos express para afrontar con \u00e9xito el inicio del curso escolar | Psico2 | Georgina Barcel\u00f3 i Alba Sabat\u00e9\",\"isPartOf\":{\"@id\":\"https:\/\/psico2.com\/es\/#website\"},\"primaryImageOfPage\":{\"@id\":\"https:\/\/psico2.com\/es\/general\/5-consejos-express-para-afrontar-con-exito-el-inicio-del-curso-escolar\/#primaryimage\"},\"image\":{\"@id\":\"https:\/\/psico2.com\/es\/general\/5-consejos-express-para-afrontar-con-exito-el-inicio-del-curso-escolar\/#primaryimage\"},\"thumbnailUrl\":\"https:\/\/psico2.com\/wp-content\/uploads\/2019\/02\/Dibujo.jpg\",\"datePublished\":\"2015-09-17T14:26:09+00:00\",\"dateModified\":\"2019-03-29T15:06:44+00:00\",\"description\":\"Avui ha comen\u00e7at l'escola per la\u00a0majoria de nens i nenes! M\u00e9s enll\u00e0\u00a0de l'alegria continguda dels pares\u00a0perqu\u00e8 les llargues vacances\u00a0escolars ja s'acaben i\",\"breadcrumb\":{\"@id\":\"https:\/\/psico2.com\/es\/general\/5-consejos-express-para-afrontar-con-exito-el-inicio-del-curso-escolar\/#breadcrumb\"},\"inLanguage\":\"es\",\"potentialAction\":[{\"@type\":\"ReadAction\",\"target\":[\"https:\/\/psico2.com\/es\/general\/5-consejos-express-para-afrontar-con-exito-el-inicio-del-curso-escolar\/\"]}]},{\"@type\":\"ImageObject\",\"inLanguage\":\"es\",\"@id\":\"https:\/\/psico2.com\/es\/general\/5-consejos-express-para-afrontar-con-exito-el-inicio-del-curso-escolar\/#primaryimage\",\"url\":\"https:\/\/psico2.com\/wp-content\/uploads\/2019\/02\/Dibujo.jpg\",\"contentUrl\":\"https:\/\/psico2.com\/wp-content\/uploads\/2019\/02\/Dibujo.jpg\",\"width\":773,\"height\":553,\"caption\":\"Psico 2 - Blog - terapia infantil\"},{\"@type\":\"BreadcrumbList\",\"@id\":\"https:\/\/psico2.com\/es\/general\/5-consejos-express-para-afrontar-con-exito-el-inicio-del-curso-escolar\/#breadcrumb\",\"itemListElement\":[{\"@type\":\"ListItem\",\"position\":1,\"name\":\"Inici\",\"item\":\"https:\/\/psico2.com\/es\/\"},{\"@type\":\"ListItem\",\"position\":2,\"name\":\"5 Consejos express para afrontar con \u00e9xito el inicio del curso escolar\"}]},{\"@type\":\"WebSite\",\"@id\":\"https:\/\/psico2.com\/es\/#website\",\"url\":\"https:\/\/psico2.com\/es\/\",\"name\":\"Psico2\",\"description\":\"Georgina Barcel\u00f3 i Alba Sabat\u00e9\",\"publisher\":{\"@id\":\"https:\/\/psico2.com\/es\/#organization\"},\"potentialAction\":[{\"@type\":\"SearchAction\",\"target\":{\"@type\":\"EntryPoint\",\"urlTemplate\":\"https:\/\/psico2.com\/es\/?s={search_term_string}\"},\"query-input\":{\"@type\":\"PropertyValueSpecification\",\"valueRequired\":true,\"valueName\":\"search_term_string\"}}],\"inLanguage\":\"es\"},{\"@type\":\"Organization\",\"@id\":\"https:\/\/psico2.com\/es\/#organization\",\"name\":\"Psico2\",\"url\":\"https:\/\/psico2.com\/es\/\",\"logo\":{\"@type\":\"ImageObject\",\"inLanguage\":\"es\",\"@id\":\"https:\/\/psico2.com\/es\/#\/schema\/logo\/image\/\",\"url\":\"https:\/\/psico2.com\/wp-content\/uploads\/2019\/01\/logo.png\",\"contentUrl\":\"https:\/\/psico2.com\/wp-content\/uploads\/2019\/01\/logo.png\",\"width\":512,\"height\":512,\"caption\":\"Psico2\"},\"image\":{\"@id\":\"https:\/\/psico2.com\/es\/#\/schema\/logo\/image\/\"},\"sameAs\":[\"https:\/\/www.facebook.com\/psico2psicologiaipsicopedagogia\/\",\"https:\/\/www.instagram.com\/psico2.georginaialba\/\",\"https:\/\/www.linkedin.com\/company\/psico2-psicologia-i-psicopedagogia\/about\/\"]},{\"@type\":\"Person\",\"@id\":\"https:\/\/psico2.com\/es\/#\/schema\/person\/04c5c630b78e0a5aa0cd8fb06f710355\",\"name\":\"Georgina Barcel\u00f3\",\"image\":{\"@type\":\"ImageObject\",\"inLanguage\":\"es\",\"@id\":\"https:\/\/psico2.com\/es\/#\/schema\/person\/image\/\",\"url\":\"https:\/\/secure.gravatar.com\/avatar\/f0e35fb2cd794feefeabfb4055b153e7312015d7fc9d940039c1bffc1a595c7a?s=96&d=mm&r=g\",\"contentUrl\":\"https:\/\/secure.gravatar.com\/avatar\/f0e35fb2cd794feefeabfb4055b153e7312015d7fc9d940039c1bffc1a595c7a?s=96&d=mm&r=g\",\"caption\":\"Georgina Barcel\u00f3\"}}]}<\/script>\n<!-- \/ Yoast SEO plugin. -->","yoast_head_json":{"title":"5 Consejos express para afrontar con \u00e9xito el inicio del curso escolar | Psico2 | Georgina Barcel\u00f3 i Alba Sabat\u00e9","description":"Avui ha comen\u00e7at l'escola per la\u00a0majoria de nens i nenes! M\u00e9s enll\u00e0\u00a0de l'alegria continguda dels pares\u00a0perqu\u00e8 les llargues vacances\u00a0escolars ja s'acaben i","robots":{"index":"index","follow":"follow","max-snippet":"max-snippet:-1","max-image-preview":"max-image-preview:large","max-video-preview":"max-video-preview:-1"},"canonical":"https:\/\/psico2.com\/es\/general\/5-consejos-express-para-afrontar-con-exito-el-inicio-del-curso-escolar\/","og_locale":"es_ES","og_type":"article","og_title":"5 Consejos express para afrontar con \u00e9xito el inicio del curso escolar | Psico2 | Georgina Barcel\u00f3 i Alba Sabat\u00e9","og_description":"Avui ha comen\u00e7at l'escola per la\u00a0majoria de nens i nenes! M\u00e9s enll\u00e0\u00a0de l'alegria continguda dels pares\u00a0perqu\u00e8 les llargues vacances\u00a0escolars ja s'acaben i","og_url":"https:\/\/psico2.com\/es\/general\/5-consejos-express-para-afrontar-con-exito-el-inicio-del-curso-escolar\/","og_site_name":"Psico2","article_publisher":"https:\/\/www.facebook.com\/psico2psicologiaipsicopedagogia\/","article_published_time":"2015-09-17T14:26:09+00:00","article_modified_time":"2019-03-29T15:06:44+00:00","og_image":[{"width":773,"height":553,"url":"https:\/\/psico2.com\/wp-content\/uploads\/2019\/02\/Dibujo.jpg","type":"image\/jpeg"}],"author":"Georgina Barcel\u00f3","twitter_card":"summary_large_image","twitter_misc":{"Escrito por":"Georgina Barcel\u00f3","Tiempo de lectura":"3 minutos"},"schema":{"@context":"https:\/\/schema.org","@graph":[{"@type":"Article","@id":"https:\/\/psico2.com\/es\/general\/5-consejos-express-para-afrontar-con-exito-el-inicio-del-curso-escolar\/#article","isPartOf":{"@id":"https:\/\/psico2.com\/es\/general\/5-consejos-express-para-afrontar-con-exito-el-inicio-del-curso-escolar\/"},"author":{"name":"Georgina Barcel\u00f3","@id":"https:\/\/psico2.com\/es\/#\/schema\/person\/04c5c630b78e0a5aa0cd8fb06f710355"},"headline":"5 Consejos express para afrontar con \u00e9xito el inicio del curso escolar","datePublished":"2015-09-17T14:26:09+00:00","dateModified":"2019-03-29T15:06:44+00:00","mainEntityOfPage":{"@id":"https:\/\/psico2.com\/es\/general\/5-consejos-express-para-afrontar-con-exito-el-inicio-del-curso-escolar\/"},"wordCount":666,"publisher":{"@id":"https:\/\/psico2.com\/es\/#organization"},"image":{"@id":"https:\/\/psico2.com\/es\/general\/5-consejos-express-para-afrontar-con-exito-el-inicio-del-curso-escolar\/#primaryimage"},"thumbnailUrl":"https:\/\/psico2.com\/wp-content\/uploads\/2019\/02\/Dibujo.jpg","keywords":["miedos","emociones","inseguridad"],"articleSection":["Dificultades de aprendizaje","Terapia infantil","General"],"inLanguage":"es"},{"@type":"WebPage","@id":"https:\/\/psico2.com\/es\/general\/5-consejos-express-para-afrontar-con-exito-el-inicio-del-curso-escolar\/","url":"https:\/\/psico2.com\/es\/general\/5-consejos-express-para-afrontar-con-exito-el-inicio-del-curso-escolar\/","name":"5 Consejos express para afrontar con \u00e9xito el inicio del curso escolar | Psico2 | Georgina Barcel\u00f3 i Alba Sabat\u00e9","isPartOf":{"@id":"https:\/\/psico2.com\/es\/#website"},"primaryImageOfPage":{"@id":"https:\/\/psico2.com\/es\/general\/5-consejos-express-para-afrontar-con-exito-el-inicio-del-curso-escolar\/#primaryimage"},"image":{"@id":"https:\/\/psico2.com\/es\/general\/5-consejos-express-para-afrontar-con-exito-el-inicio-del-curso-escolar\/#primaryimage"},"thumbnailUrl":"https:\/\/psico2.com\/wp-content\/uploads\/2019\/02\/Dibujo.jpg","datePublished":"2015-09-17T14:26:09+00:00","dateModified":"2019-03-29T15:06:44+00:00","description":"Avui ha comen\u00e7at l'escola per la\u00a0majoria de nens i nenes! M\u00e9s enll\u00e0\u00a0de l'alegria continguda dels pares\u00a0perqu\u00e8 les llargues vacances\u00a0escolars ja s'acaben i","breadcrumb":{"@id":"https:\/\/psico2.com\/es\/general\/5-consejos-express-para-afrontar-con-exito-el-inicio-del-curso-escolar\/#breadcrumb"},"inLanguage":"es","potentialAction":[{"@type":"ReadAction","target":["https:\/\/psico2.com\/es\/general\/5-consejos-express-para-afrontar-con-exito-el-inicio-del-curso-escolar\/"]}]},{"@type":"ImageObject","inLanguage":"es","@id":"https:\/\/psico2.com\/es\/general\/5-consejos-express-para-afrontar-con-exito-el-inicio-del-curso-escolar\/#primaryimage","url":"https:\/\/psico2.com\/wp-content\/uploads\/2019\/02\/Dibujo.jpg","contentUrl":"https:\/\/psico2.com\/wp-content\/uploads\/2019\/02\/Dibujo.jpg","width":773,"height":553,"caption":"Psico 2 - Blog - terapia infantil"},{"@type":"BreadcrumbList","@id":"https:\/\/psico2.com\/es\/general\/5-consejos-express-para-afrontar-con-exito-el-inicio-del-curso-escolar\/#breadcrumb","itemListElement":[{"@type":"ListItem","position":1,"name":"Inici","item":"https:\/\/psico2.com\/es\/"},{"@type":"ListItem","position":2,"name":"5 Consejos express para afrontar con \u00e9xito el inicio del curso escolar"}]},{"@type":"WebSite","@id":"https:\/\/psico2.com\/es\/#website","url":"https:\/\/psico2.com\/es\/","name":"Psico2","description":"Georgina Barcel\u00f3 i Alba Sabat\u00e9","publisher":{"@id":"https:\/\/psico2.com\/es\/#organization"},"potentialAction":[{"@type":"SearchAction","target":{"@type":"EntryPoint","urlTemplate":"https:\/\/psico2.com\/es\/?s={search_term_string}"},"query-input":{"@type":"PropertyValueSpecification","valueRequired":true,"valueName":"search_term_string"}}],"inLanguage":"es"},{"@type":"Organization","@id":"https:\/\/psico2.com\/es\/#organization","name":"Psico2","url":"https:\/\/psico2.com\/es\/","logo":{"@type":"ImageObject","inLanguage":"es","@id":"https:\/\/psico2.com\/es\/#\/schema\/logo\/image\/","url":"https:\/\/psico2.com\/wp-content\/uploads\/2019\/01\/logo.png","contentUrl":"https:\/\/psico2.com\/wp-content\/uploads\/2019\/01\/logo.png","width":512,"height":512,"caption":"Psico2"},"image":{"@id":"https:\/\/psico2.com\/es\/#\/schema\/logo\/image\/"},"sameAs":["https:\/\/www.facebook.com\/psico2psicologiaipsicopedagogia\/","https:\/\/www.instagram.com\/psico2.georginaialba\/","https:\/\/www.linkedin.com\/company\/psico2-psicologia-i-psicopedagogia\/about\/"]},{"@type":"Person","@id":"https:\/\/psico2.com\/es\/#\/schema\/person\/04c5c630b78e0a5aa0cd8fb06f710355","name":"Georgina Barcel\u00f3","image":{"@type":"ImageObject","inLanguage":"es","@id":"https:\/\/psico2.com\/es\/#\/schema\/person\/image\/","url":"https:\/\/secure.gravatar.com\/avatar\/f0e35fb2cd794feefeabfb4055b153e7312015d7fc9d940039c1bffc1a595c7a?s=96&d=mm&r=g","contentUrl":"https:\/\/secure.gravatar.com\/avatar\/f0e35fb2cd794feefeabfb4055b153e7312015d7fc9d940039c1bffc1a595c7a?s=96&d=mm&r=g","caption":"Georgina Barcel\u00f3"}}]}},"_links":{"self":[{"href":"https:\/\/psico2.com\/es\/wp-json\/wp\/v2\/posts\/705","targetHints":{"allow":["GET"]}}],"collection":[{"href":"https:\/\/psico2.com\/es\/wp-json\/wp\/v2\/posts"}],"about":[{"href":"https:\/\/psico2.com\/es\/wp-json\/wp\/v2\/types\/post"}],"author":[{"embeddable":true,"href":"https:\/\/psico2.com\/es\/wp-json\/wp\/v2\/users\/5"}],"replies":[{"embeddable":true,"href":"https:\/\/psico2.com\/es\/wp-json\/wp\/v2\/comments?post=705"}],"version-history":[{"count":1,"href":"https:\/\/psico2.com\/es\/wp-json\/wp\/v2\/posts\/705\/revisions"}],"predecessor-version":[{"id":1037,"href":"https:\/\/psico2.com\/es\/wp-json\/wp\/v2\/posts\/705\/revisions\/1037"}],"wp:featuredmedia":[{"embeddable":true,"href":"https:\/\/psico2.com\/es\/wp-json\/wp\/v2\/media\/225"}],"wp:attachment":[{"href":"https:\/\/psico2.com\/es\/wp-json\/wp\/v2\/media?parent=705"}],"wp:term":[{"taxonomy":"category","embeddable":true,"href":"https:\/\/psico2.com\/es\/wp-json\/wp\/v2\/categories?post=705"},{"taxonomy":"post_tag","embeddable":true,"href":"https:\/\/psico2.com\/es\/wp-json\/wp\/v2\/tags?post=705"}],"curies":[{"name":"wp","href":"https:\/\/api.w.org\/{rel}","templated":true}]}}