{"id":708,"date":"2015-10-23T14:26:09","date_gmt":"2015-10-23T14:26:09","guid":{"rendered":"https:\/\/psico2.com\/general\/consejos-express-para-la-prevencion-de-los-trastornos-alimentarios\/"},"modified":"2019-03-29T15:05:26","modified_gmt":"2019-03-29T15:05:26","slug":"consejos-express-para-la-prevencion-de-los-trastornos-alimentarios","status":"publish","type":"post","link":"https:\/\/psico2.com\/es\/general\/consejos-express-para-la-prevencion-de-los-trastornos-alimentarios\/","title":{"rendered":"consejos express para la prevenci\u00f3n de los Trastornos Alimentarios"},"content":{"rendered":"<p>Los trastornos relacionados con la alimentaci\u00f3n, se han convertido por desgracia, en una lacra de nuestra sociedad. Un problema de salud p\u00fablica tanto por la gravedad de las patolog\u00edas como por la alarma social que se ha generado. Sin embargo, aproximadamente un 70% de la gente que padece un trastorno de la conducta alimentaria (TCA) se recupera, pero para ello hay que recibir una ayuda especializada y r\u00e1pida.<\/p>\n<p>Entendemos los TCA como una grave alteraci\u00f3n en las pautas alimentarias, que van acompa\u00f1adas de problemas f\u00edsicos y dificultades en los funcionamiento psicol\u00f3gico y social de la persona. Los trastornos m\u00e1s comunes son las tan famosas anorexia y bulimia nerviosa, que suponen un gran impacto en la sociedad actual.<\/p>\n<p>Son muchas las evidencias que explican que no hay una \u00fanica causa que las origine, sino que tienen un origen multicausal, donde los factores de riesgo familiares, tienen una elevada importancia (junto con las sociales, culturales, educativos y psicol\u00f3gicos). Es por esta raz\u00f3n que el abordaje no se puede hacer \u00fanicamente desde la vertiente sanitaria, sino que nos encontramos ante un problema social y cultural que requiere un abordaje desde los diferentes sectores y agentes sociales implicados.<\/p>\n<p>Son, por todas estas razones, que desde Psico2 queremos centrarnos en el hecho de que desde casa hay que trabajar las actitudes negativas que pueden surgir de la relaci\u00f3n entre la imagen corporal y el peso, as\u00ed como proporcionarles buenos h\u00e1bitos alimentarios y que desarrollen una actitud cr\u00edtica a los ideales de belleza imposible.<\/p>\n<p>Pero para hacer una buena prevenci\u00f3n, hay que tener en cuenta, tambi\u00e9n, que existen personas que se consideran de m\u00e1s de riesgo, teniendo en cuenta la edad (adolescentes, inmersos en una serie de cambios psicof\u00edsicos y con una personalidad a\u00fan poco definida), el sexo (mujer) y las actividades de ocio o profesiones (gimnastas, modelos, bailarinas, deportistas de \u00e9lite &#8230;)<\/p>\n<p>Por todo ello, las pautas de prevenci\u00f3n que podemos llevar a cabo son:<\/p>\n<p>1. Durante las comidas: Se necesitan buenos h\u00e1bitos, pero sin normas r\u00edgidas alrededor de la comida, como pueden ser las dietas restrictivas. Las comidas deber\u00edan ser con familia, m\u00e1s que comer solos, disfrutando como un espacio de convivencia.<\/p>\n<p>2. Evitar la cr\u00edtica continuada: el elogio y la confianza ayuda a adquirir una imagen positiva de uno mismo. Hay que evitar por encima de todo, comentarios despectivos sobre su peso e imagen corporal.<\/p>\n<p>3. Ense\u00f1ar con el ejemplo: No conseguiremos una actitud positiva en verso de la comida si nosotros tampoco la tenemos.<\/p>\n<p>4. Transmitir concepto de belleza basado en la salud y no con la est\u00e9tica.<\/p>\n<p>5. Potenciar el esp\u00edritu cr\u00edtico: frente a los estereotipos culturales y los modelos que nos propone el mundo de la publicidad y la moda.<\/p>\n<p>6. Facilitar la expresi\u00f3n y la exteriorizaci\u00f3n de los sentimientos: a trav\u00e9s de una buena comunicaci\u00f3n entre padres e hijos, creando un clima de confianza.<\/p>\n<p>7. Tener informaci\u00f3n: De lo que son los Trastornos de la Conducta Alimentaria, de las se\u00f1ales de alarma y establecer un cierto control de las actitudes de nuestros hijos que nos ayuden a extraer informaci\u00f3n \u00fatil.<\/p>\n<p>8. Si aparece alguna se\u00f1al de alarma, no ignorarla: Es necesario la ayuda de un especialista. Una atenci\u00f3n temprana es clave para evitar problemas muy graves de salud f\u00edsica y psicol\u00f3gica.<\/p>\n<p>Equipo Psico2<\/p>\n","protected":false},"excerpt":{"rendered":"<p>Los trastornos relacionados con la alimentaci\u00f3n, se han convertido por desgracia, en una lacra de nuestra sociedad. Un problema de salud p\u00fablica tanto por la gravedad de las patolog\u00edas como por la alarma social que se ha generado. Sin embargo, aproximadamente un 70% de la gente que padece un trastorno de la conducta alimentaria (TCA) [&hellip;]<\/p>\n","protected":false},"author":5,"featured_media":230,"comment_status":"closed","ping_status":"closed","sticky":false,"template":"","format":"standard","meta":{"footnotes":""},"categories":[187,5],"tags":[210,206,200],"class_list":["post-708","post","type-post","status-publish","format-standard","has-post-thumbnail","hentry","category-terapia-infantil-es","category-general","tag-miedos","tag-emociones","tag-limites"],"yoast_head":"<!-- This site is optimized with the Yoast SEO plugin v27.1.1 - https:\/\/yoast.com\/product\/yoast-seo-wordpress\/ -->\n<title>consejos express para la prevenci\u00f3n de los Trastornos Alimentarios | Psico2 | Georgina Barcel\u00f3 i Alba Sabat\u00e9<\/title>\n<meta name=\"description\" content=\"Los trastornos relacionados con la alimentaci\u00f3n, se han convertido por desgracia, en una lacra de nuestra sociedad. Un problema de salud p\u00fablica tanto por\" \/>\n<meta name=\"robots\" content=\"index, follow, max-snippet:-1, max-image-preview:large, max-video-preview:-1\" \/>\n<link rel=\"canonical\" href=\"https:\/\/psico2.com\/es\/general\/consejos-express-para-la-prevencion-de-los-trastornos-alimentarios\/\" \/>\n<meta property=\"og:locale\" content=\"es_ES\" \/>\n<meta property=\"og:type\" content=\"article\" \/>\n<meta property=\"og:title\" content=\"consejos express para la prevenci\u00f3n de los Trastornos Alimentarios | Psico2 | Georgina Barcel\u00f3 i Alba Sabat\u00e9\" \/>\n<meta property=\"og:description\" content=\"Los trastornos relacionados con la alimentaci\u00f3n, se han convertido por desgracia, en una lacra de nuestra sociedad. Un problema de salud p\u00fablica tanto por\" \/>\n<meta property=\"og:url\" content=\"https:\/\/psico2.com\/es\/general\/consejos-express-para-la-prevencion-de-los-trastornos-alimentarios\/\" \/>\n<meta property=\"og:site_name\" content=\"Psico2\" \/>\n<meta property=\"article:publisher\" content=\"https:\/\/www.facebook.com\/psico2psicologiaipsicopedagogia\/\" \/>\n<meta property=\"article:published_time\" content=\"2015-10-23T14:26:09+00:00\" \/>\n<meta property=\"article:modified_time\" content=\"2019-03-29T15:05:26+00:00\" \/>\n<meta property=\"og:image\" content=\"https:\/\/psico2.com\/wp-content\/uploads\/2019\/02\/foto-tca.jpg\" \/>\n\t<meta property=\"og:image:width\" content=\"1023\" \/>\n\t<meta property=\"og:image:height\" content=\"768\" \/>\n\t<meta property=\"og:image:type\" content=\"image\/jpeg\" \/>\n<meta name=\"author\" content=\"Georgina Barcel\u00f3\" \/>\n<meta name=\"twitter:card\" content=\"summary_large_image\" \/>\n<meta name=\"twitter:label1\" content=\"Escrito por\" \/>\n\t<meta name=\"twitter:data1\" content=\"Georgina Barcel\u00f3\" \/>\n\t<meta name=\"twitter:label2\" content=\"Tiempo de lectura\" \/>\n\t<meta name=\"twitter:data2\" content=\"3 minutos\" \/>\n<script type=\"application\/ld+json\" class=\"yoast-schema-graph\">{\"@context\":\"https:\/\/schema.org\",\"@graph\":[{\"@type\":\"Article\",\"@id\":\"https:\/\/psico2.com\/es\/general\/consejos-express-para-la-prevencion-de-los-trastornos-alimentarios\/#article\",\"isPartOf\":{\"@id\":\"https:\/\/psico2.com\/es\/general\/consejos-express-para-la-prevencion-de-los-trastornos-alimentarios\/\"},\"author\":{\"name\":\"Georgina Barcel\u00f3\",\"@id\":\"https:\/\/psico2.com\/es\/#\/schema\/person\/04c5c630b78e0a5aa0cd8fb06f710355\"},\"headline\":\"consejos express para la prevenci\u00f3n de los Trastornos Alimentarios\",\"datePublished\":\"2015-10-23T14:26:09+00:00\",\"dateModified\":\"2019-03-29T15:05:26+00:00\",\"mainEntityOfPage\":{\"@id\":\"https:\/\/psico2.com\/es\/general\/consejos-express-para-la-prevencion-de-los-trastornos-alimentarios\/\"},\"wordCount\":584,\"publisher\":{\"@id\":\"https:\/\/psico2.com\/es\/#organization\"},\"image\":{\"@id\":\"https:\/\/psico2.com\/es\/general\/consejos-express-para-la-prevencion-de-los-trastornos-alimentarios\/#primaryimage\"},\"thumbnailUrl\":\"https:\/\/psico2.com\/wp-content\/uploads\/2019\/02\/foto-tca.jpg\",\"keywords\":[\"miedos\",\"emociones\",\"limites\"],\"articleSection\":[\"Terapia infantil\",\"General\"],\"inLanguage\":\"es\"},{\"@type\":\"WebPage\",\"@id\":\"https:\/\/psico2.com\/es\/general\/consejos-express-para-la-prevencion-de-los-trastornos-alimentarios\/\",\"url\":\"https:\/\/psico2.com\/es\/general\/consejos-express-para-la-prevencion-de-los-trastornos-alimentarios\/\",\"name\":\"consejos express para la prevenci\u00f3n de los Trastornos Alimentarios | Psico2 | Georgina Barcel\u00f3 i Alba Sabat\u00e9\",\"isPartOf\":{\"@id\":\"https:\/\/psico2.com\/es\/#website\"},\"primaryImageOfPage\":{\"@id\":\"https:\/\/psico2.com\/es\/general\/consejos-express-para-la-prevencion-de-los-trastornos-alimentarios\/#primaryimage\"},\"image\":{\"@id\":\"https:\/\/psico2.com\/es\/general\/consejos-express-para-la-prevencion-de-los-trastornos-alimentarios\/#primaryimage\"},\"thumbnailUrl\":\"https:\/\/psico2.com\/wp-content\/uploads\/2019\/02\/foto-tca.jpg\",\"datePublished\":\"2015-10-23T14:26:09+00:00\",\"dateModified\":\"2019-03-29T15:05:26+00:00\",\"description\":\"Los trastornos relacionados con la alimentaci\u00f3n, se han convertido por desgracia, en una lacra de nuestra sociedad. Un problema de salud p\u00fablica tanto por\",\"breadcrumb\":{\"@id\":\"https:\/\/psico2.com\/es\/general\/consejos-express-para-la-prevencion-de-los-trastornos-alimentarios\/#breadcrumb\"},\"inLanguage\":\"es\",\"potentialAction\":[{\"@type\":\"ReadAction\",\"target\":[\"https:\/\/psico2.com\/es\/general\/consejos-express-para-la-prevencion-de-los-trastornos-alimentarios\/\"]}]},{\"@type\":\"ImageObject\",\"inLanguage\":\"es\",\"@id\":\"https:\/\/psico2.com\/es\/general\/consejos-express-para-la-prevencion-de-los-trastornos-alimentarios\/#primaryimage\",\"url\":\"https:\/\/psico2.com\/wp-content\/uploads\/2019\/02\/foto-tca.jpg\",\"contentUrl\":\"https:\/\/psico2.com\/wp-content\/uploads\/2019\/02\/foto-tca.jpg\",\"width\":1023,\"height\":768,\"caption\":\"Psico 2 - Blog - ansiedad\"},{\"@type\":\"BreadcrumbList\",\"@id\":\"https:\/\/psico2.com\/es\/general\/consejos-express-para-la-prevencion-de-los-trastornos-alimentarios\/#breadcrumb\",\"itemListElement\":[{\"@type\":\"ListItem\",\"position\":1,\"name\":\"Inici\",\"item\":\"https:\/\/psico2.com\/es\/\"},{\"@type\":\"ListItem\",\"position\":2,\"name\":\"consejos express para la prevenci\u00f3n de los Trastornos Alimentarios\"}]},{\"@type\":\"WebSite\",\"@id\":\"https:\/\/psico2.com\/es\/#website\",\"url\":\"https:\/\/psico2.com\/es\/\",\"name\":\"Psico2\",\"description\":\"Georgina Barcel\u00f3 i Alba Sabat\u00e9\",\"publisher\":{\"@id\":\"https:\/\/psico2.com\/es\/#organization\"},\"potentialAction\":[{\"@type\":\"SearchAction\",\"target\":{\"@type\":\"EntryPoint\",\"urlTemplate\":\"https:\/\/psico2.com\/es\/?s={search_term_string}\"},\"query-input\":{\"@type\":\"PropertyValueSpecification\",\"valueRequired\":true,\"valueName\":\"search_term_string\"}}],\"inLanguage\":\"es\"},{\"@type\":\"Organization\",\"@id\":\"https:\/\/psico2.com\/es\/#organization\",\"name\":\"Psico2\",\"url\":\"https:\/\/psico2.com\/es\/\",\"logo\":{\"@type\":\"ImageObject\",\"inLanguage\":\"es\",\"@id\":\"https:\/\/psico2.com\/es\/#\/schema\/logo\/image\/\",\"url\":\"https:\/\/psico2.com\/wp-content\/uploads\/2019\/01\/logo.png\",\"contentUrl\":\"https:\/\/psico2.com\/wp-content\/uploads\/2019\/01\/logo.png\",\"width\":512,\"height\":512,\"caption\":\"Psico2\"},\"image\":{\"@id\":\"https:\/\/psico2.com\/es\/#\/schema\/logo\/image\/\"},\"sameAs\":[\"https:\/\/www.facebook.com\/psico2psicologiaipsicopedagogia\/\",\"https:\/\/www.instagram.com\/psico2.georginaialba\/\",\"https:\/\/www.linkedin.com\/company\/psico2-psicologia-i-psicopedagogia\/about\/\"]},{\"@type\":\"Person\",\"@id\":\"https:\/\/psico2.com\/es\/#\/schema\/person\/04c5c630b78e0a5aa0cd8fb06f710355\",\"name\":\"Georgina Barcel\u00f3\",\"image\":{\"@type\":\"ImageObject\",\"inLanguage\":\"es\",\"@id\":\"https:\/\/psico2.com\/es\/#\/schema\/person\/image\/\",\"url\":\"https:\/\/secure.gravatar.com\/avatar\/f0e35fb2cd794feefeabfb4055b153e7312015d7fc9d940039c1bffc1a595c7a?s=96&d=mm&r=g\",\"contentUrl\":\"https:\/\/secure.gravatar.com\/avatar\/f0e35fb2cd794feefeabfb4055b153e7312015d7fc9d940039c1bffc1a595c7a?s=96&d=mm&r=g\",\"caption\":\"Georgina Barcel\u00f3\"}}]}<\/script>\n<!-- \/ Yoast SEO plugin. -->","yoast_head_json":{"title":"consejos express para la prevenci\u00f3n de los Trastornos Alimentarios | Psico2 | Georgina Barcel\u00f3 i Alba Sabat\u00e9","description":"Los trastornos relacionados con la alimentaci\u00f3n, se han convertido por desgracia, en una lacra de nuestra sociedad. Un problema de salud p\u00fablica tanto por","robots":{"index":"index","follow":"follow","max-snippet":"max-snippet:-1","max-image-preview":"max-image-preview:large","max-video-preview":"max-video-preview:-1"},"canonical":"https:\/\/psico2.com\/es\/general\/consejos-express-para-la-prevencion-de-los-trastornos-alimentarios\/","og_locale":"es_ES","og_type":"article","og_title":"consejos express para la prevenci\u00f3n de los Trastornos Alimentarios | Psico2 | Georgina Barcel\u00f3 i Alba Sabat\u00e9","og_description":"Los trastornos relacionados con la alimentaci\u00f3n, se han convertido por desgracia, en una lacra de nuestra sociedad. Un problema de salud p\u00fablica tanto por","og_url":"https:\/\/psico2.com\/es\/general\/consejos-express-para-la-prevencion-de-los-trastornos-alimentarios\/","og_site_name":"Psico2","article_publisher":"https:\/\/www.facebook.com\/psico2psicologiaipsicopedagogia\/","article_published_time":"2015-10-23T14:26:09+00:00","article_modified_time":"2019-03-29T15:05:26+00:00","og_image":[{"width":1023,"height":768,"url":"https:\/\/psico2.com\/wp-content\/uploads\/2019\/02\/foto-tca.jpg","type":"image\/jpeg"}],"author":"Georgina Barcel\u00f3","twitter_card":"summary_large_image","twitter_misc":{"Escrito por":"Georgina Barcel\u00f3","Tiempo de lectura":"3 minutos"},"schema":{"@context":"https:\/\/schema.org","@graph":[{"@type":"Article","@id":"https:\/\/psico2.com\/es\/general\/consejos-express-para-la-prevencion-de-los-trastornos-alimentarios\/#article","isPartOf":{"@id":"https:\/\/psico2.com\/es\/general\/consejos-express-para-la-prevencion-de-los-trastornos-alimentarios\/"},"author":{"name":"Georgina Barcel\u00f3","@id":"https:\/\/psico2.com\/es\/#\/schema\/person\/04c5c630b78e0a5aa0cd8fb06f710355"},"headline":"consejos express para la prevenci\u00f3n de los Trastornos Alimentarios","datePublished":"2015-10-23T14:26:09+00:00","dateModified":"2019-03-29T15:05:26+00:00","mainEntityOfPage":{"@id":"https:\/\/psico2.com\/es\/general\/consejos-express-para-la-prevencion-de-los-trastornos-alimentarios\/"},"wordCount":584,"publisher":{"@id":"https:\/\/psico2.com\/es\/#organization"},"image":{"@id":"https:\/\/psico2.com\/es\/general\/consejos-express-para-la-prevencion-de-los-trastornos-alimentarios\/#primaryimage"},"thumbnailUrl":"https:\/\/psico2.com\/wp-content\/uploads\/2019\/02\/foto-tca.jpg","keywords":["miedos","emociones","limites"],"articleSection":["Terapia infantil","General"],"inLanguage":"es"},{"@type":"WebPage","@id":"https:\/\/psico2.com\/es\/general\/consejos-express-para-la-prevencion-de-los-trastornos-alimentarios\/","url":"https:\/\/psico2.com\/es\/general\/consejos-express-para-la-prevencion-de-los-trastornos-alimentarios\/","name":"consejos express para la prevenci\u00f3n de los Trastornos Alimentarios | Psico2 | Georgina Barcel\u00f3 i Alba Sabat\u00e9","isPartOf":{"@id":"https:\/\/psico2.com\/es\/#website"},"primaryImageOfPage":{"@id":"https:\/\/psico2.com\/es\/general\/consejos-express-para-la-prevencion-de-los-trastornos-alimentarios\/#primaryimage"},"image":{"@id":"https:\/\/psico2.com\/es\/general\/consejos-express-para-la-prevencion-de-los-trastornos-alimentarios\/#primaryimage"},"thumbnailUrl":"https:\/\/psico2.com\/wp-content\/uploads\/2019\/02\/foto-tca.jpg","datePublished":"2015-10-23T14:26:09+00:00","dateModified":"2019-03-29T15:05:26+00:00","description":"Los trastornos relacionados con la alimentaci\u00f3n, se han convertido por desgracia, en una lacra de nuestra sociedad. Un problema de salud p\u00fablica tanto por","breadcrumb":{"@id":"https:\/\/psico2.com\/es\/general\/consejos-express-para-la-prevencion-de-los-trastornos-alimentarios\/#breadcrumb"},"inLanguage":"es","potentialAction":[{"@type":"ReadAction","target":["https:\/\/psico2.com\/es\/general\/consejos-express-para-la-prevencion-de-los-trastornos-alimentarios\/"]}]},{"@type":"ImageObject","inLanguage":"es","@id":"https:\/\/psico2.com\/es\/general\/consejos-express-para-la-prevencion-de-los-trastornos-alimentarios\/#primaryimage","url":"https:\/\/psico2.com\/wp-content\/uploads\/2019\/02\/foto-tca.jpg","contentUrl":"https:\/\/psico2.com\/wp-content\/uploads\/2019\/02\/foto-tca.jpg","width":1023,"height":768,"caption":"Psico 2 - Blog - ansiedad"},{"@type":"BreadcrumbList","@id":"https:\/\/psico2.com\/es\/general\/consejos-express-para-la-prevencion-de-los-trastornos-alimentarios\/#breadcrumb","itemListElement":[{"@type":"ListItem","position":1,"name":"Inici","item":"https:\/\/psico2.com\/es\/"},{"@type":"ListItem","position":2,"name":"consejos express para la prevenci\u00f3n de los Trastornos Alimentarios"}]},{"@type":"WebSite","@id":"https:\/\/psico2.com\/es\/#website","url":"https:\/\/psico2.com\/es\/","name":"Psico2","description":"Georgina Barcel\u00f3 i Alba Sabat\u00e9","publisher":{"@id":"https:\/\/psico2.com\/es\/#organization"},"potentialAction":[{"@type":"SearchAction","target":{"@type":"EntryPoint","urlTemplate":"https:\/\/psico2.com\/es\/?s={search_term_string}"},"query-input":{"@type":"PropertyValueSpecification","valueRequired":true,"valueName":"search_term_string"}}],"inLanguage":"es"},{"@type":"Organization","@id":"https:\/\/psico2.com\/es\/#organization","name":"Psico2","url":"https:\/\/psico2.com\/es\/","logo":{"@type":"ImageObject","inLanguage":"es","@id":"https:\/\/psico2.com\/es\/#\/schema\/logo\/image\/","url":"https:\/\/psico2.com\/wp-content\/uploads\/2019\/01\/logo.png","contentUrl":"https:\/\/psico2.com\/wp-content\/uploads\/2019\/01\/logo.png","width":512,"height":512,"caption":"Psico2"},"image":{"@id":"https:\/\/psico2.com\/es\/#\/schema\/logo\/image\/"},"sameAs":["https:\/\/www.facebook.com\/psico2psicologiaipsicopedagogia\/","https:\/\/www.instagram.com\/psico2.georginaialba\/","https:\/\/www.linkedin.com\/company\/psico2-psicologia-i-psicopedagogia\/about\/"]},{"@type":"Person","@id":"https:\/\/psico2.com\/es\/#\/schema\/person\/04c5c630b78e0a5aa0cd8fb06f710355","name":"Georgina Barcel\u00f3","image":{"@type":"ImageObject","inLanguage":"es","@id":"https:\/\/psico2.com\/es\/#\/schema\/person\/image\/","url":"https:\/\/secure.gravatar.com\/avatar\/f0e35fb2cd794feefeabfb4055b153e7312015d7fc9d940039c1bffc1a595c7a?s=96&d=mm&r=g","contentUrl":"https:\/\/secure.gravatar.com\/avatar\/f0e35fb2cd794feefeabfb4055b153e7312015d7fc9d940039c1bffc1a595c7a?s=96&d=mm&r=g","caption":"Georgina Barcel\u00f3"}}]}},"_links":{"self":[{"href":"https:\/\/psico2.com\/es\/wp-json\/wp\/v2\/posts\/708","targetHints":{"allow":["GET"]}}],"collection":[{"href":"https:\/\/psico2.com\/es\/wp-json\/wp\/v2\/posts"}],"about":[{"href":"https:\/\/psico2.com\/es\/wp-json\/wp\/v2\/types\/post"}],"author":[{"embeddable":true,"href":"https:\/\/psico2.com\/es\/wp-json\/wp\/v2\/users\/5"}],"replies":[{"embeddable":true,"href":"https:\/\/psico2.com\/es\/wp-json\/wp\/v2\/comments?post=708"}],"version-history":[{"count":1,"href":"https:\/\/psico2.com\/es\/wp-json\/wp\/v2\/posts\/708\/revisions"}],"predecessor-version":[{"id":1034,"href":"https:\/\/psico2.com\/es\/wp-json\/wp\/v2\/posts\/708\/revisions\/1034"}],"wp:featuredmedia":[{"embeddable":true,"href":"https:\/\/psico2.com\/es\/wp-json\/wp\/v2\/media\/230"}],"wp:attachment":[{"href":"https:\/\/psico2.com\/es\/wp-json\/wp\/v2\/media?parent=708"}],"wp:term":[{"taxonomy":"category","embeddable":true,"href":"https:\/\/psico2.com\/es\/wp-json\/wp\/v2\/categories?post=708"},{"taxonomy":"post_tag","embeddable":true,"href":"https:\/\/psico2.com\/es\/wp-json\/wp\/v2\/tags?post=708"}],"curies":[{"name":"wp","href":"https:\/\/api.w.org\/{rel}","templated":true}]}}