{"id":709,"date":"2015-10-30T14:26:09","date_gmt":"2015-10-30T14:26:09","guid":{"rendered":"https:\/\/psico2.com\/general\/la-muerte-de-un-ser-querido\/"},"modified":"2019-03-29T15:04:29","modified_gmt":"2019-03-29T15:04:29","slug":"la-muerte-de-un-ser-querido","status":"publish","type":"post","link":"https:\/\/psico2.com\/es\/general\/la-muerte-de-un-ser-querido\/","title":{"rendered":"LA MUERTE DE UN SER QUERIDO"},"content":{"rendered":"<p style=\"text-align: justify;\">Son muchas las veces que hemos vivido la p\u00e9rdida de un ser querido en nuestro entorno: amigos, compa\u00f1eros de trabajo, conocidos, etc. Son momentos dif\u00edciles en los que queremos estar con esa persona y darle todo nuestro apoyo.<\/p>\n<p style=\"text-align: justify;\">Las cosas cambian cuando es a nosotros que nos desaparece alguien, todo lo que hemos vivido con los dem\u00e1s no nos sirve, aqu\u00ed empieza una etapa dif\u00edcil en la que el tiempo, paciencia y aceptar lo que ha pasado es de vital importancia.<\/p>\n<p style=\"text-align: justify;\">Hoy en Psico2 queremos hablar de c\u00f3mo nos sentimos ante la muerte de aquellos a quienes amamos.<\/p>\n<p style=\"text-align: justify;\">Si t\u00fa ya has sufrido este bache sabes perfectamente de lo que se trata, el dolor que se produce en nuestro interior y la sensaci\u00f3n de desesperanza que te acompa\u00f1a cuando te enteras de la noticia. Es importante remarcar que el tipo de muerte tiene mucho que ver con la reacciones de duelo posterior, a\u00fan as\u00ed, el dolor ante la desaparici\u00f3n de aquella nos acompa\u00f1ar\u00e1 durante bastante tiempo a casi todos.<\/p>\n<p style=\"text-align: justify;\">Nos queremos dirigir a aquellas personas que han perdido a alguien y quieren terminar de entender lo que les pas\u00f3 y tambi\u00e9n a esas personas que est\u00e1n ahora mismo pasando por un duelo; pensamos que es importante que puedas identificarte con lo que ahora explicaremos y puedas tener m\u00e1s control sobre lo que est\u00e1s sintiendo:<\/p>\n<p style=\"text-align: justify;\"><em>\u201cProbablemente cuando te enteraste de la noticia no te lo pod\u00edas creer, incluso no quer\u00edas ni o\u00edr hablar de lo que estaba pasando, esperabas acostarte y que todo hubiera quedado en un sue\u00f1o y s\u00f3lo ped\u00edas dentro de ti que se acabara aquella broma de tan mal gusto.<\/em><\/p>\n<p style=\"text-align: justify;\"><em>A medida que iban pasando los d\u00edas y tus expectativas se iban derrumbando tal vez empezaste a ver que lo que hab\u00eda pasado era real, \u00e9l o ella hab\u00eda desaparecido y ya no lo volver\u00edas a ver nunca m\u00e1s. Aqu\u00ed tus emociones cambiaron, sent\u00edas ira, mucha ira porque lo ocurrido no era justo y por culpa de esta injusticia tu vida hab\u00eda cambiado por completo. Es esta etapa en la que discut\u00edas con gente y dec\u00edas lo que sent\u00edas sin pensar mucho con lo que sent\u00edan los dem\u00e1s, bastante ten\u00edas t\u00fa con tu dolor. O por el contrario sent\u00edas mucha ira y no le dec\u00edas a nadie, la llevabas t\u00fa solo y intentabas digerirla de la mejor manera posible.<\/em><\/p>\n<p style=\"text-align: justify;\"><em>Poco a poco y con m\u00e1s tiempo las cosas cambiaron, la tristeza apareci\u00f3 y ya no tuviste ganas ni de luchar contra los dem\u00e1s, necesitabas llorar y estar contigo mismo, ver, sentir la p\u00e9rdida y llorarla hasta que no quedara ni una l\u00e1grima.<\/em><\/p>\n<p style=\"text-align: justify;\"><em>Gracias a haber pasado por estas fases llegaste a la aceptaci\u00f3n de la muerte. Aqu\u00ed ya eras capaz de continuar con tu vida aunque la tristeza te acompa\u00f1ara en determinados momentos.\u201d<\/em><\/p>\n<p style=\"text-align: justify;\">Estas fases descritas son las que suelen aparecer en el proceso de duelo, aunque no siempre tiene que ser exactamente as\u00ed. Lo que si recomendamos desde Psico2 es que si sientes que no puedes afrontar todo lo que est\u00e1 pasando no dudes en pedir ayuda, el acompa\u00f1amiento ante la p\u00e9rdida es muy positivo para hacer un buen proceso.<\/p>\n<p style=\"text-align: right;\">Equipo de Psico2<\/p>\n","protected":false},"excerpt":{"rendered":"<p>Son muchas las veces que hemos vivido la p\u00e9rdida de un ser querido en nuestro entorno: amigos, compa\u00f1eros de trabajo, conocidos, etc. Son momentos dif\u00edciles en los que queremos estar con esa persona y darle todo nuestro apoyo. Las cosas cambian cuando es a nosotros que nos desaparece alguien, todo lo que hemos vivido con [&hellip;]<\/p>\n","protected":false},"author":4,"featured_media":236,"comment_status":"closed","ping_status":"closed","sticky":false,"template":"","format":"standard","meta":{"footnotes":""},"categories":[215,5],"tags":[206,193,119],"class_list":["post-709","post","type-post","status-publish","format-standard","has-post-thumbnail","hentry","category-terapia-adultos","category-general","tag-emociones","tag-aceptacion","tag-duelo"],"yoast_head":"<!-- This site is optimized with the Yoast SEO plugin v27.1.1 - https:\/\/yoast.com\/product\/yoast-seo-wordpress\/ -->\n<title>LA MUERTE DE UN SER QUERIDO | Psico2 | Georgina Barcel\u00f3 i Alba Sabat\u00e9<\/title>\n<meta name=\"description\" content=\"Son muchas las veces que hemos vivido la p\u00e9rdida de un ser querido en nuestro entorno: amigos, compa\u00f1eros de trabajo, conocidos, etc. Son momentos\" \/>\n<meta name=\"robots\" content=\"index, follow, max-snippet:-1, max-image-preview:large, max-video-preview:-1\" \/>\n<link rel=\"canonical\" href=\"https:\/\/psico2.com\/es\/general\/la-muerte-de-un-ser-querido\/\" \/>\n<meta property=\"og:locale\" content=\"es_ES\" \/>\n<meta property=\"og:type\" content=\"article\" \/>\n<meta property=\"og:title\" content=\"LA MUERTE DE UN SER QUERIDO | Psico2 | Georgina Barcel\u00f3 i Alba Sabat\u00e9\" \/>\n<meta property=\"og:description\" content=\"Son muchas las veces que hemos vivido la p\u00e9rdida de un ser querido en nuestro entorno: amigos, compa\u00f1eros de trabajo, conocidos, etc. Son momentos\" \/>\n<meta property=\"og:url\" content=\"https:\/\/psico2.com\/es\/general\/la-muerte-de-un-ser-querido\/\" \/>\n<meta property=\"og:site_name\" content=\"Psico2\" \/>\n<meta property=\"article:publisher\" content=\"https:\/\/www.facebook.com\/psico2psicologiaipsicopedagogia\/\" \/>\n<meta property=\"article:published_time\" content=\"2015-10-30T14:26:09+00:00\" \/>\n<meta property=\"article:modified_time\" content=\"2019-03-29T15:04:29+00:00\" \/>\n<meta property=\"og:image\" content=\"https:\/\/psico2.com\/wp-content\/uploads\/2019\/02\/Como-superar-el-proceso-de-duelo.jpg\" \/>\n\t<meta property=\"og:image:width\" content=\"649\" \/>\n\t<meta property=\"og:image:height\" content=\"433\" \/>\n\t<meta property=\"og:image:type\" content=\"image\/jpeg\" \/>\n<meta name=\"author\" content=\"Alba Sabat\u00e9 Olius\" \/>\n<meta name=\"twitter:card\" content=\"summary_large_image\" \/>\n<meta name=\"twitter:label1\" content=\"Escrito por\" \/>\n\t<meta name=\"twitter:data1\" content=\"Alba Sabat\u00e9 Olius\" \/>\n\t<meta name=\"twitter:label2\" content=\"Tiempo de lectura\" \/>\n\t<meta name=\"twitter:data2\" content=\"3 minutos\" \/>\n<script type=\"application\/ld+json\" class=\"yoast-schema-graph\">{\"@context\":\"https:\/\/schema.org\",\"@graph\":[{\"@type\":\"Article\",\"@id\":\"https:\/\/psico2.com\/es\/general\/la-muerte-de-un-ser-querido\/#article\",\"isPartOf\":{\"@id\":\"https:\/\/psico2.com\/es\/general\/la-muerte-de-un-ser-querido\/\"},\"author\":{\"name\":\"Alba Sabat\u00e9 Olius\",\"@id\":\"https:\/\/psico2.com\/es\/#\/schema\/person\/1adca29b90d0c1275a11ae26817e57e0\"},\"headline\":\"LA MUERTE DE UN SER QUERIDO\",\"datePublished\":\"2015-10-30T14:26:09+00:00\",\"dateModified\":\"2019-03-29T15:04:29+00:00\",\"mainEntityOfPage\":{\"@id\":\"https:\/\/psico2.com\/es\/general\/la-muerte-de-un-ser-querido\/\"},\"wordCount\":576,\"publisher\":{\"@id\":\"https:\/\/psico2.com\/es\/#organization\"},\"image\":{\"@id\":\"https:\/\/psico2.com\/es\/general\/la-muerte-de-un-ser-querido\/#primaryimage\"},\"thumbnailUrl\":\"https:\/\/psico2.com\/wp-content\/uploads\/2019\/02\/Como-superar-el-proceso-de-duelo.jpg\",\"keywords\":[\"emociones\",\"aceptaci\u00f3n\",\"duelo\"],\"articleSection\":[\"Terapia adultos\",\"General\"],\"inLanguage\":\"es\"},{\"@type\":\"WebPage\",\"@id\":\"https:\/\/psico2.com\/es\/general\/la-muerte-de-un-ser-querido\/\",\"url\":\"https:\/\/psico2.com\/es\/general\/la-muerte-de-un-ser-querido\/\",\"name\":\"LA MUERTE DE UN SER QUERIDO | Psico2 | Georgina Barcel\u00f3 i Alba Sabat\u00e9\",\"isPartOf\":{\"@id\":\"https:\/\/psico2.com\/es\/#website\"},\"primaryImageOfPage\":{\"@id\":\"https:\/\/psico2.com\/es\/general\/la-muerte-de-un-ser-querido\/#primaryimage\"},\"image\":{\"@id\":\"https:\/\/psico2.com\/es\/general\/la-muerte-de-un-ser-querido\/#primaryimage\"},\"thumbnailUrl\":\"https:\/\/psico2.com\/wp-content\/uploads\/2019\/02\/Como-superar-el-proceso-de-duelo.jpg\",\"datePublished\":\"2015-10-30T14:26:09+00:00\",\"dateModified\":\"2019-03-29T15:04:29+00:00\",\"description\":\"Son muchas las veces que hemos vivido la p\u00e9rdida de un ser querido en nuestro entorno: amigos, compa\u00f1eros de trabajo, conocidos, etc. Son momentos\",\"breadcrumb\":{\"@id\":\"https:\/\/psico2.com\/es\/general\/la-muerte-de-un-ser-querido\/#breadcrumb\"},\"inLanguage\":\"es\",\"potentialAction\":[{\"@type\":\"ReadAction\",\"target\":[\"https:\/\/psico2.com\/es\/general\/la-muerte-de-un-ser-querido\/\"]}]},{\"@type\":\"ImageObject\",\"inLanguage\":\"es\",\"@id\":\"https:\/\/psico2.com\/es\/general\/la-muerte-de-un-ser-querido\/#primaryimage\",\"url\":\"https:\/\/psico2.com\/wp-content\/uploads\/2019\/02\/Como-superar-el-proceso-de-duelo.jpg\",\"contentUrl\":\"https:\/\/psico2.com\/wp-content\/uploads\/2019\/02\/Como-superar-el-proceso-de-duelo.jpg\",\"width\":649,\"height\":433,\"caption\":\"Psico 2 - Blog - duelo\"},{\"@type\":\"BreadcrumbList\",\"@id\":\"https:\/\/psico2.com\/es\/general\/la-muerte-de-un-ser-querido\/#breadcrumb\",\"itemListElement\":[{\"@type\":\"ListItem\",\"position\":1,\"name\":\"Inici\",\"item\":\"https:\/\/psico2.com\/es\/\"},{\"@type\":\"ListItem\",\"position\":2,\"name\":\"LA MUERTE DE UN SER QUERIDO\"}]},{\"@type\":\"WebSite\",\"@id\":\"https:\/\/psico2.com\/es\/#website\",\"url\":\"https:\/\/psico2.com\/es\/\",\"name\":\"Psico2\",\"description\":\"Georgina Barcel\u00f3 i Alba Sabat\u00e9\",\"publisher\":{\"@id\":\"https:\/\/psico2.com\/es\/#organization\"},\"potentialAction\":[{\"@type\":\"SearchAction\",\"target\":{\"@type\":\"EntryPoint\",\"urlTemplate\":\"https:\/\/psico2.com\/es\/?s={search_term_string}\"},\"query-input\":{\"@type\":\"PropertyValueSpecification\",\"valueRequired\":true,\"valueName\":\"search_term_string\"}}],\"inLanguage\":\"es\"},{\"@type\":\"Organization\",\"@id\":\"https:\/\/psico2.com\/es\/#organization\",\"name\":\"Psico2\",\"url\":\"https:\/\/psico2.com\/es\/\",\"logo\":{\"@type\":\"ImageObject\",\"inLanguage\":\"es\",\"@id\":\"https:\/\/psico2.com\/es\/#\/schema\/logo\/image\/\",\"url\":\"https:\/\/psico2.com\/wp-content\/uploads\/2019\/01\/logo.png\",\"contentUrl\":\"https:\/\/psico2.com\/wp-content\/uploads\/2019\/01\/logo.png\",\"width\":512,\"height\":512,\"caption\":\"Psico2\"},\"image\":{\"@id\":\"https:\/\/psico2.com\/es\/#\/schema\/logo\/image\/\"},\"sameAs\":[\"https:\/\/www.facebook.com\/psico2psicologiaipsicopedagogia\/\",\"https:\/\/www.instagram.com\/psico2.georginaialba\/\",\"https:\/\/www.linkedin.com\/company\/psico2-psicologia-i-psicopedagogia\/about\/\"]},{\"@type\":\"Person\",\"@id\":\"https:\/\/psico2.com\/es\/#\/schema\/person\/1adca29b90d0c1275a11ae26817e57e0\",\"name\":\"Alba Sabat\u00e9 Olius\",\"image\":{\"@type\":\"ImageObject\",\"inLanguage\":\"es\",\"@id\":\"https:\/\/psico2.com\/es\/#\/schema\/person\/image\/\",\"url\":\"https:\/\/secure.gravatar.com\/avatar\/17c054605ea350ae11a4c365b97377969e210b7c25fbf556b93deaebabc28387?s=96&d=mm&r=g\",\"contentUrl\":\"https:\/\/secure.gravatar.com\/avatar\/17c054605ea350ae11a4c365b97377969e210b7c25fbf556b93deaebabc28387?s=96&d=mm&r=g\",\"caption\":\"Alba Sabat\u00e9 Olius\"}}]}<\/script>\n<!-- \/ Yoast SEO plugin. -->","yoast_head_json":{"title":"LA MUERTE DE UN SER QUERIDO | Psico2 | Georgina Barcel\u00f3 i Alba Sabat\u00e9","description":"Son muchas las veces que hemos vivido la p\u00e9rdida de un ser querido en nuestro entorno: amigos, compa\u00f1eros de trabajo, conocidos, etc. Son momentos","robots":{"index":"index","follow":"follow","max-snippet":"max-snippet:-1","max-image-preview":"max-image-preview:large","max-video-preview":"max-video-preview:-1"},"canonical":"https:\/\/psico2.com\/es\/general\/la-muerte-de-un-ser-querido\/","og_locale":"es_ES","og_type":"article","og_title":"LA MUERTE DE UN SER QUERIDO | Psico2 | Georgina Barcel\u00f3 i Alba Sabat\u00e9","og_description":"Son muchas las veces que hemos vivido la p\u00e9rdida de un ser querido en nuestro entorno: amigos, compa\u00f1eros de trabajo, conocidos, etc. Son momentos","og_url":"https:\/\/psico2.com\/es\/general\/la-muerte-de-un-ser-querido\/","og_site_name":"Psico2","article_publisher":"https:\/\/www.facebook.com\/psico2psicologiaipsicopedagogia\/","article_published_time":"2015-10-30T14:26:09+00:00","article_modified_time":"2019-03-29T15:04:29+00:00","og_image":[{"width":649,"height":433,"url":"https:\/\/psico2.com\/wp-content\/uploads\/2019\/02\/Como-superar-el-proceso-de-duelo.jpg","type":"image\/jpeg"}],"author":"Alba Sabat\u00e9 Olius","twitter_card":"summary_large_image","twitter_misc":{"Escrito por":"Alba Sabat\u00e9 Olius","Tiempo de lectura":"3 minutos"},"schema":{"@context":"https:\/\/schema.org","@graph":[{"@type":"Article","@id":"https:\/\/psico2.com\/es\/general\/la-muerte-de-un-ser-querido\/#article","isPartOf":{"@id":"https:\/\/psico2.com\/es\/general\/la-muerte-de-un-ser-querido\/"},"author":{"name":"Alba Sabat\u00e9 Olius","@id":"https:\/\/psico2.com\/es\/#\/schema\/person\/1adca29b90d0c1275a11ae26817e57e0"},"headline":"LA MUERTE DE UN SER QUERIDO","datePublished":"2015-10-30T14:26:09+00:00","dateModified":"2019-03-29T15:04:29+00:00","mainEntityOfPage":{"@id":"https:\/\/psico2.com\/es\/general\/la-muerte-de-un-ser-querido\/"},"wordCount":576,"publisher":{"@id":"https:\/\/psico2.com\/es\/#organization"},"image":{"@id":"https:\/\/psico2.com\/es\/general\/la-muerte-de-un-ser-querido\/#primaryimage"},"thumbnailUrl":"https:\/\/psico2.com\/wp-content\/uploads\/2019\/02\/Como-superar-el-proceso-de-duelo.jpg","keywords":["emociones","aceptaci\u00f3n","duelo"],"articleSection":["Terapia adultos","General"],"inLanguage":"es"},{"@type":"WebPage","@id":"https:\/\/psico2.com\/es\/general\/la-muerte-de-un-ser-querido\/","url":"https:\/\/psico2.com\/es\/general\/la-muerte-de-un-ser-querido\/","name":"LA MUERTE DE UN SER QUERIDO | Psico2 | Georgina Barcel\u00f3 i Alba Sabat\u00e9","isPartOf":{"@id":"https:\/\/psico2.com\/es\/#website"},"primaryImageOfPage":{"@id":"https:\/\/psico2.com\/es\/general\/la-muerte-de-un-ser-querido\/#primaryimage"},"image":{"@id":"https:\/\/psico2.com\/es\/general\/la-muerte-de-un-ser-querido\/#primaryimage"},"thumbnailUrl":"https:\/\/psico2.com\/wp-content\/uploads\/2019\/02\/Como-superar-el-proceso-de-duelo.jpg","datePublished":"2015-10-30T14:26:09+00:00","dateModified":"2019-03-29T15:04:29+00:00","description":"Son muchas las veces que hemos vivido la p\u00e9rdida de un ser querido en nuestro entorno: amigos, compa\u00f1eros de trabajo, conocidos, etc. Son momentos","breadcrumb":{"@id":"https:\/\/psico2.com\/es\/general\/la-muerte-de-un-ser-querido\/#breadcrumb"},"inLanguage":"es","potentialAction":[{"@type":"ReadAction","target":["https:\/\/psico2.com\/es\/general\/la-muerte-de-un-ser-querido\/"]}]},{"@type":"ImageObject","inLanguage":"es","@id":"https:\/\/psico2.com\/es\/general\/la-muerte-de-un-ser-querido\/#primaryimage","url":"https:\/\/psico2.com\/wp-content\/uploads\/2019\/02\/Como-superar-el-proceso-de-duelo.jpg","contentUrl":"https:\/\/psico2.com\/wp-content\/uploads\/2019\/02\/Como-superar-el-proceso-de-duelo.jpg","width":649,"height":433,"caption":"Psico 2 - Blog - duelo"},{"@type":"BreadcrumbList","@id":"https:\/\/psico2.com\/es\/general\/la-muerte-de-un-ser-querido\/#breadcrumb","itemListElement":[{"@type":"ListItem","position":1,"name":"Inici","item":"https:\/\/psico2.com\/es\/"},{"@type":"ListItem","position":2,"name":"LA MUERTE DE UN SER QUERIDO"}]},{"@type":"WebSite","@id":"https:\/\/psico2.com\/es\/#website","url":"https:\/\/psico2.com\/es\/","name":"Psico2","description":"Georgina Barcel\u00f3 i Alba Sabat\u00e9","publisher":{"@id":"https:\/\/psico2.com\/es\/#organization"},"potentialAction":[{"@type":"SearchAction","target":{"@type":"EntryPoint","urlTemplate":"https:\/\/psico2.com\/es\/?s={search_term_string}"},"query-input":{"@type":"PropertyValueSpecification","valueRequired":true,"valueName":"search_term_string"}}],"inLanguage":"es"},{"@type":"Organization","@id":"https:\/\/psico2.com\/es\/#organization","name":"Psico2","url":"https:\/\/psico2.com\/es\/","logo":{"@type":"ImageObject","inLanguage":"es","@id":"https:\/\/psico2.com\/es\/#\/schema\/logo\/image\/","url":"https:\/\/psico2.com\/wp-content\/uploads\/2019\/01\/logo.png","contentUrl":"https:\/\/psico2.com\/wp-content\/uploads\/2019\/01\/logo.png","width":512,"height":512,"caption":"Psico2"},"image":{"@id":"https:\/\/psico2.com\/es\/#\/schema\/logo\/image\/"},"sameAs":["https:\/\/www.facebook.com\/psico2psicologiaipsicopedagogia\/","https:\/\/www.instagram.com\/psico2.georginaialba\/","https:\/\/www.linkedin.com\/company\/psico2-psicologia-i-psicopedagogia\/about\/"]},{"@type":"Person","@id":"https:\/\/psico2.com\/es\/#\/schema\/person\/1adca29b90d0c1275a11ae26817e57e0","name":"Alba Sabat\u00e9 Olius","image":{"@type":"ImageObject","inLanguage":"es","@id":"https:\/\/psico2.com\/es\/#\/schema\/person\/image\/","url":"https:\/\/secure.gravatar.com\/avatar\/17c054605ea350ae11a4c365b97377969e210b7c25fbf556b93deaebabc28387?s=96&d=mm&r=g","contentUrl":"https:\/\/secure.gravatar.com\/avatar\/17c054605ea350ae11a4c365b97377969e210b7c25fbf556b93deaebabc28387?s=96&d=mm&r=g","caption":"Alba Sabat\u00e9 Olius"}}]}},"_links":{"self":[{"href":"https:\/\/psico2.com\/es\/wp-json\/wp\/v2\/posts\/709","targetHints":{"allow":["GET"]}}],"collection":[{"href":"https:\/\/psico2.com\/es\/wp-json\/wp\/v2\/posts"}],"about":[{"href":"https:\/\/psico2.com\/es\/wp-json\/wp\/v2\/types\/post"}],"author":[{"embeddable":true,"href":"https:\/\/psico2.com\/es\/wp-json\/wp\/v2\/users\/4"}],"replies":[{"embeddable":true,"href":"https:\/\/psico2.com\/es\/wp-json\/wp\/v2\/comments?post=709"}],"version-history":[{"count":1,"href":"https:\/\/psico2.com\/es\/wp-json\/wp\/v2\/posts\/709\/revisions"}],"predecessor-version":[{"id":1033,"href":"https:\/\/psico2.com\/es\/wp-json\/wp\/v2\/posts\/709\/revisions\/1033"}],"wp:featuredmedia":[{"embeddable":true,"href":"https:\/\/psico2.com\/es\/wp-json\/wp\/v2\/media\/236"}],"wp:attachment":[{"href":"https:\/\/psico2.com\/es\/wp-json\/wp\/v2\/media?parent=709"}],"wp:term":[{"taxonomy":"category","embeddable":true,"href":"https:\/\/psico2.com\/es\/wp-json\/wp\/v2\/categories?post=709"},{"taxonomy":"post_tag","embeddable":true,"href":"https:\/\/psico2.com\/es\/wp-json\/wp\/v2\/tags?post=709"}],"curies":[{"name":"wp","href":"https:\/\/api.w.org\/{rel}","templated":true}]}}