{"id":716,"date":"2016-03-10T14:26:09","date_gmt":"2016-03-10T14:26:09","guid":{"rendered":"https:\/\/psico2.com\/general\/los-celos-entre-hermanos-este-mes-en-el-jardi-de-sant-gervasi\/"},"modified":"2019-03-29T14:58:22","modified_gmt":"2019-03-29T14:58:22","slug":"los-celos-entre-hermanos-este-mes-en-el-jardi-de-sant-gervasi","status":"publish","type":"post","link":"https:\/\/psico2.com\/es\/general\/los-celos-entre-hermanos-este-mes-en-el-jardi-de-sant-gervasi\/","title":{"rendered":"LOS CELOS ENTRE HERMANOS, ESTE MES EN EL JARD\u00cd DE SANT GERVASI!"},"content":{"rendered":"<p id=\"tw-target-text\" class=\"tw-data-text vk_txt tw-ta tw-text-small\" dir=\"ltr\" style=\"text-align: justify;\" data-placeholder=\"Traducci\u00f3n\"><span lang=\"es\"><strong>El pr\u00edncipe destronado: Celos entre hermanos<\/strong> <\/span><\/p>\n<p class=\"tw-data-text vk_txt tw-ta tw-text-small\" dir=\"ltr\" style=\"text-align: justify;\" data-placeholder=\"Traducci\u00f3n\"><span lang=\"es\">Una de las dificultades que tienen que atravesar casi todos los padres que tienen m\u00e1s de un hijo es la rivalidad que aparece entre hermanos, lo que conocemos como celos. Es t\u00edpica sobre todo en ni\u00f1os de 5 a 7 a\u00f1os, aunque puede aparecer ya desde peque\u00f1os o, incluso, ya entrada la adolescencia. Esta celos\u00eda aparece cuando uno de los hermanos, se siente \u00abamenazado\u00bb a perder esa relaci\u00f3n afectiva con su padre, madre, abuelo, etc. Y por qu\u00e9 ocurre? Pues las causas de este comportamiento pueden ser muchas y diversas: desde el nacimiento de un nuevo hermano, roles entre hermanos, tipo de familia, adopci\u00f3n de un nuevo hermano, el lugar que ocupa entre hermanos, etc. La aparici\u00f3n de este sentimiento produce una desestabilizaci\u00f3n de su imagen y va acompa\u00f1ada de una inseguridad personal. Los celos se puede expresar de muchas formas: desobediencia y conductas agresivas con los hermanos o padres, no querer jugar con sus hermanos, aparici\u00f3n de conductas m\u00e1s propias de un ni\u00f1o m\u00e1s peque\u00f1o (como hacer la pipa, jugar con juguetes de los m\u00e1s peque\u00f1os , hacerse pipi, hablar como un beb\u00e9, problemas con el sue\u00f1o, aparici\u00f3n de miedos y ansiedades ya superadas), susceptibilidad exagerada, actitudes reivindicativas y resentimiento, lloriqueo desproporcionado, aparici\u00f3n de dificultades en los aprendizajes, envidia respecto a sus hermanos, etc. . Cuando aparece es importante que los padres afronten la situaci\u00f3n de forma natural: aceptando el conflicto y entendiendo que forma parte de la vida y que acabar\u00e1 solucion\u00e1ndose. A\u00fan as\u00ed, podemos tener actitudes que pueden ayudarle a superar esta fase: la de no establecer comparaciones entre hermanos porque provocan rivalidades entre ellos. Es bueno atender de forma individual los nuestros y, en su caso, dar informaciones sobre la llegada del nuevo hermano. Es importante ofrecerles siempre afecto y sentimientos de seguridad y ayudarle a que adquiera autonom\u00eda. A la vez, tambi\u00e9n es importante evitar establecer privilegios entre hermanos, negar la existencia de los celos, culpar a un hermano siempre de todas las peleas que haya y es mejor no se\u00f1alar de forma constante que uno de los hermanos se llevar\u00e1 mejor que el otro porque es el hermano mayor y el otro es m\u00e1s peque\u00f1o. Todas estas actitudes, y un poco de paciencia, ayudar\u00e1n a que el ni\u00f1o supere esta etapa y pueda relacionarse con sus hermanos sin sentirse amenazado. Sin embargo, en caso de que aparezcan problemas preocupantes como consecuencia de los celos, no es malo consultar a un especialista para buscar ayuda psicol\u00f3gica al ni\u00f1o.<\/span><\/p>\n","protected":false},"excerpt":{"rendered":"<p>El pr\u00edncipe destronado: Celos entre hermanos Una de las dificultades que tienen que atravesar casi todos los padres que tienen m\u00e1s de un hijo es la rivalidad que aparece entre hermanos, lo que conocemos como celos. Es t\u00edpica sobre todo en ni\u00f1os de 5 a 7 a\u00f1os, aunque puede aparecer ya desde peque\u00f1os o, incluso, [&hellip;]<\/p>\n","protected":false},"author":5,"featured_media":330,"comment_status":"closed","ping_status":"closed","sticky":false,"template":"","format":"standard","meta":{"footnotes":""},"categories":[187,5],"tags":[207,206,200],"class_list":["post-716","post","type-post","status-publish","format-standard","has-post-thumbnail","hentry","category-terapia-infantil-es","category-general","tag-celos","tag-emociones","tag-limites"],"yoast_head":"<!-- This site is optimized with the Yoast SEO plugin v27.1.1 - https:\/\/yoast.com\/product\/yoast-seo-wordpress\/ -->\n<title>LOS CELOS ENTRE HERMANOS, ESTE MES EN EL JARD\u00cd DE SANT GERVASI! | Psico2 | Georgina Barcel\u00f3 i Alba Sabat\u00e9<\/title>\n<meta name=\"description\" content=\"El pr\u00edncipe destronado: Celos entre hermanos Una de las dificultades que tienen que atravesar casi todos los padres que tienen m\u00e1s de un hijo es la\" \/>\n<meta name=\"robots\" content=\"index, follow, max-snippet:-1, max-image-preview:large, max-video-preview:-1\" \/>\n<link rel=\"canonical\" href=\"https:\/\/psico2.com\/es\/general\/los-celos-entre-hermanos-este-mes-en-el-jardi-de-sant-gervasi\/\" \/>\n<meta property=\"og:locale\" content=\"es_ES\" \/>\n<meta property=\"og:type\" content=\"article\" \/>\n<meta property=\"og:title\" content=\"LOS CELOS ENTRE HERMANOS, ESTE MES EN EL JARD\u00cd DE SANT GERVASI! | Psico2 | Georgina Barcel\u00f3 i Alba Sabat\u00e9\" \/>\n<meta property=\"og:description\" content=\"El pr\u00edncipe destronado: Celos entre hermanos Una de las dificultades que tienen que atravesar casi todos los padres que tienen m\u00e1s de un hijo es la\" \/>\n<meta property=\"og:url\" content=\"https:\/\/psico2.com\/es\/general\/los-celos-entre-hermanos-este-mes-en-el-jardi-de-sant-gervasi\/\" \/>\n<meta property=\"og:site_name\" content=\"Psico2\" \/>\n<meta property=\"article:publisher\" content=\"https:\/\/www.facebook.com\/psico2psicologiaipsicopedagogia\/\" \/>\n<meta property=\"article:published_time\" content=\"2016-03-10T14:26:09+00:00\" \/>\n<meta property=\"article:modified_time\" content=\"2019-03-29T14:58:22+00:00\" \/>\n<meta property=\"og:image\" content=\"https:\/\/psico2.com\/wp-content\/uploads\/2019\/02\/GELOSIA-ENTRE-GERMANS.jpg\" \/>\n\t<meta property=\"og:image:width\" content=\"620\" \/>\n\t<meta property=\"og:image:height\" content=\"415\" \/>\n\t<meta property=\"og:image:type\" content=\"image\/jpeg\" \/>\n<meta name=\"author\" content=\"Georgina Barcel\u00f3\" \/>\n<meta name=\"twitter:card\" content=\"summary_large_image\" \/>\n<meta name=\"twitter:label1\" content=\"Escrito por\" \/>\n\t<meta name=\"twitter:data1\" content=\"Georgina Barcel\u00f3\" \/>\n\t<meta name=\"twitter:label2\" content=\"Tiempo de lectura\" \/>\n\t<meta name=\"twitter:data2\" content=\"2 minutos\" \/>\n<script type=\"application\/ld+json\" class=\"yoast-schema-graph\">{\"@context\":\"https:\/\/schema.org\",\"@graph\":[{\"@type\":\"Article\",\"@id\":\"https:\/\/psico2.com\/es\/general\/los-celos-entre-hermanos-este-mes-en-el-jardi-de-sant-gervasi\/#article\",\"isPartOf\":{\"@id\":\"https:\/\/psico2.com\/es\/general\/los-celos-entre-hermanos-este-mes-en-el-jardi-de-sant-gervasi\/\"},\"author\":{\"name\":\"Georgina Barcel\u00f3\",\"@id\":\"https:\/\/psico2.com\/es\/#\/schema\/person\/04c5c630b78e0a5aa0cd8fb06f710355\"},\"headline\":\"LOS CELOS ENTRE HERMANOS, ESTE MES EN EL JARD\u00cd DE SANT GERVASI!\",\"datePublished\":\"2016-03-10T14:26:09+00:00\",\"dateModified\":\"2019-03-29T14:58:22+00:00\",\"mainEntityOfPage\":{\"@id\":\"https:\/\/psico2.com\/es\/general\/los-celos-entre-hermanos-este-mes-en-el-jardi-de-sant-gervasi\/\"},\"wordCount\":461,\"publisher\":{\"@id\":\"https:\/\/psico2.com\/es\/#organization\"},\"image\":{\"@id\":\"https:\/\/psico2.com\/es\/general\/los-celos-entre-hermanos-este-mes-en-el-jardi-de-sant-gervasi\/#primaryimage\"},\"thumbnailUrl\":\"https:\/\/psico2.com\/wp-content\/uploads\/2019\/02\/GELOSIA-ENTRE-GERMANS.jpg\",\"keywords\":[\"celos\",\"emociones\",\"limites\"],\"articleSection\":[\"Terapia infantil\",\"General\"],\"inLanguage\":\"es\"},{\"@type\":\"WebPage\",\"@id\":\"https:\/\/psico2.com\/es\/general\/los-celos-entre-hermanos-este-mes-en-el-jardi-de-sant-gervasi\/\",\"url\":\"https:\/\/psico2.com\/es\/general\/los-celos-entre-hermanos-este-mes-en-el-jardi-de-sant-gervasi\/\",\"name\":\"LOS CELOS ENTRE HERMANOS, ESTE MES EN EL JARD\u00cd DE SANT GERVASI! | Psico2 | Georgina Barcel\u00f3 i Alba Sabat\u00e9\",\"isPartOf\":{\"@id\":\"https:\/\/psico2.com\/es\/#website\"},\"primaryImageOfPage\":{\"@id\":\"https:\/\/psico2.com\/es\/general\/los-celos-entre-hermanos-este-mes-en-el-jardi-de-sant-gervasi\/#primaryimage\"},\"image\":{\"@id\":\"https:\/\/psico2.com\/es\/general\/los-celos-entre-hermanos-este-mes-en-el-jardi-de-sant-gervasi\/#primaryimage\"},\"thumbnailUrl\":\"https:\/\/psico2.com\/wp-content\/uploads\/2019\/02\/GELOSIA-ENTRE-GERMANS.jpg\",\"datePublished\":\"2016-03-10T14:26:09+00:00\",\"dateModified\":\"2019-03-29T14:58:22+00:00\",\"description\":\"El pr\u00edncipe destronado: Celos entre hermanos Una de las dificultades que tienen que atravesar casi todos los padres que tienen m\u00e1s de un hijo es la\",\"breadcrumb\":{\"@id\":\"https:\/\/psico2.com\/es\/general\/los-celos-entre-hermanos-este-mes-en-el-jardi-de-sant-gervasi\/#breadcrumb\"},\"inLanguage\":\"es\",\"potentialAction\":[{\"@type\":\"ReadAction\",\"target\":[\"https:\/\/psico2.com\/es\/general\/los-celos-entre-hermanos-este-mes-en-el-jardi-de-sant-gervasi\/\"]}]},{\"@type\":\"ImageObject\",\"inLanguage\":\"es\",\"@id\":\"https:\/\/psico2.com\/es\/general\/los-celos-entre-hermanos-este-mes-en-el-jardi-de-sant-gervasi\/#primaryimage\",\"url\":\"https:\/\/psico2.com\/wp-content\/uploads\/2019\/02\/GELOSIA-ENTRE-GERMANS.jpg\",\"contentUrl\":\"https:\/\/psico2.com\/wp-content\/uploads\/2019\/02\/GELOSIA-ENTRE-GERMANS.jpg\",\"width\":620,\"height\":415,\"caption\":\"Psico 2 - Blog - GELOSIA ENTRE GERMANS.jpg\"},{\"@type\":\"BreadcrumbList\",\"@id\":\"https:\/\/psico2.com\/es\/general\/los-celos-entre-hermanos-este-mes-en-el-jardi-de-sant-gervasi\/#breadcrumb\",\"itemListElement\":[{\"@type\":\"ListItem\",\"position\":1,\"name\":\"Inici\",\"item\":\"https:\/\/psico2.com\/es\/\"},{\"@type\":\"ListItem\",\"position\":2,\"name\":\"LOS CELOS ENTRE HERMANOS, ESTE MES EN EL JARD\u00cd DE SANT GERVASI!\"}]},{\"@type\":\"WebSite\",\"@id\":\"https:\/\/psico2.com\/es\/#website\",\"url\":\"https:\/\/psico2.com\/es\/\",\"name\":\"Psico2\",\"description\":\"Georgina Barcel\u00f3 i Alba Sabat\u00e9\",\"publisher\":{\"@id\":\"https:\/\/psico2.com\/es\/#organization\"},\"potentialAction\":[{\"@type\":\"SearchAction\",\"target\":{\"@type\":\"EntryPoint\",\"urlTemplate\":\"https:\/\/psico2.com\/es\/?s={search_term_string}\"},\"query-input\":{\"@type\":\"PropertyValueSpecification\",\"valueRequired\":true,\"valueName\":\"search_term_string\"}}],\"inLanguage\":\"es\"},{\"@type\":\"Organization\",\"@id\":\"https:\/\/psico2.com\/es\/#organization\",\"name\":\"Psico2\",\"url\":\"https:\/\/psico2.com\/es\/\",\"logo\":{\"@type\":\"ImageObject\",\"inLanguage\":\"es\",\"@id\":\"https:\/\/psico2.com\/es\/#\/schema\/logo\/image\/\",\"url\":\"https:\/\/psico2.com\/wp-content\/uploads\/2019\/01\/logo.png\",\"contentUrl\":\"https:\/\/psico2.com\/wp-content\/uploads\/2019\/01\/logo.png\",\"width\":512,\"height\":512,\"caption\":\"Psico2\"},\"image\":{\"@id\":\"https:\/\/psico2.com\/es\/#\/schema\/logo\/image\/\"},\"sameAs\":[\"https:\/\/www.facebook.com\/psico2psicologiaipsicopedagogia\/\",\"https:\/\/www.instagram.com\/psico2.georginaialba\/\",\"https:\/\/www.linkedin.com\/company\/psico2-psicologia-i-psicopedagogia\/about\/\"]},{\"@type\":\"Person\",\"@id\":\"https:\/\/psico2.com\/es\/#\/schema\/person\/04c5c630b78e0a5aa0cd8fb06f710355\",\"name\":\"Georgina Barcel\u00f3\",\"image\":{\"@type\":\"ImageObject\",\"inLanguage\":\"es\",\"@id\":\"https:\/\/psico2.com\/es\/#\/schema\/person\/image\/\",\"url\":\"https:\/\/secure.gravatar.com\/avatar\/f0e35fb2cd794feefeabfb4055b153e7312015d7fc9d940039c1bffc1a595c7a?s=96&d=mm&r=g\",\"contentUrl\":\"https:\/\/secure.gravatar.com\/avatar\/f0e35fb2cd794feefeabfb4055b153e7312015d7fc9d940039c1bffc1a595c7a?s=96&d=mm&r=g\",\"caption\":\"Georgina Barcel\u00f3\"}}]}<\/script>\n<!-- \/ Yoast SEO plugin. -->","yoast_head_json":{"title":"LOS CELOS ENTRE HERMANOS, ESTE MES EN EL JARD\u00cd DE SANT GERVASI! | Psico2 | Georgina Barcel\u00f3 i Alba Sabat\u00e9","description":"El pr\u00edncipe destronado: Celos entre hermanos Una de las dificultades que tienen que atravesar casi todos los padres que tienen m\u00e1s de un hijo es la","robots":{"index":"index","follow":"follow","max-snippet":"max-snippet:-1","max-image-preview":"max-image-preview:large","max-video-preview":"max-video-preview:-1"},"canonical":"https:\/\/psico2.com\/es\/general\/los-celos-entre-hermanos-este-mes-en-el-jardi-de-sant-gervasi\/","og_locale":"es_ES","og_type":"article","og_title":"LOS CELOS ENTRE HERMANOS, ESTE MES EN EL JARD\u00cd DE SANT GERVASI! | Psico2 | Georgina Barcel\u00f3 i Alba Sabat\u00e9","og_description":"El pr\u00edncipe destronado: Celos entre hermanos Una de las dificultades que tienen que atravesar casi todos los padres que tienen m\u00e1s de un hijo es la","og_url":"https:\/\/psico2.com\/es\/general\/los-celos-entre-hermanos-este-mes-en-el-jardi-de-sant-gervasi\/","og_site_name":"Psico2","article_publisher":"https:\/\/www.facebook.com\/psico2psicologiaipsicopedagogia\/","article_published_time":"2016-03-10T14:26:09+00:00","article_modified_time":"2019-03-29T14:58:22+00:00","og_image":[{"width":620,"height":415,"url":"https:\/\/psico2.com\/wp-content\/uploads\/2019\/02\/GELOSIA-ENTRE-GERMANS.jpg","type":"image\/jpeg"}],"author":"Georgina Barcel\u00f3","twitter_card":"summary_large_image","twitter_misc":{"Escrito por":"Georgina Barcel\u00f3","Tiempo de lectura":"2 minutos"},"schema":{"@context":"https:\/\/schema.org","@graph":[{"@type":"Article","@id":"https:\/\/psico2.com\/es\/general\/los-celos-entre-hermanos-este-mes-en-el-jardi-de-sant-gervasi\/#article","isPartOf":{"@id":"https:\/\/psico2.com\/es\/general\/los-celos-entre-hermanos-este-mes-en-el-jardi-de-sant-gervasi\/"},"author":{"name":"Georgina Barcel\u00f3","@id":"https:\/\/psico2.com\/es\/#\/schema\/person\/04c5c630b78e0a5aa0cd8fb06f710355"},"headline":"LOS CELOS ENTRE HERMANOS, ESTE MES EN EL JARD\u00cd DE SANT GERVASI!","datePublished":"2016-03-10T14:26:09+00:00","dateModified":"2019-03-29T14:58:22+00:00","mainEntityOfPage":{"@id":"https:\/\/psico2.com\/es\/general\/los-celos-entre-hermanos-este-mes-en-el-jardi-de-sant-gervasi\/"},"wordCount":461,"publisher":{"@id":"https:\/\/psico2.com\/es\/#organization"},"image":{"@id":"https:\/\/psico2.com\/es\/general\/los-celos-entre-hermanos-este-mes-en-el-jardi-de-sant-gervasi\/#primaryimage"},"thumbnailUrl":"https:\/\/psico2.com\/wp-content\/uploads\/2019\/02\/GELOSIA-ENTRE-GERMANS.jpg","keywords":["celos","emociones","limites"],"articleSection":["Terapia infantil","General"],"inLanguage":"es"},{"@type":"WebPage","@id":"https:\/\/psico2.com\/es\/general\/los-celos-entre-hermanos-este-mes-en-el-jardi-de-sant-gervasi\/","url":"https:\/\/psico2.com\/es\/general\/los-celos-entre-hermanos-este-mes-en-el-jardi-de-sant-gervasi\/","name":"LOS CELOS ENTRE HERMANOS, ESTE MES EN EL JARD\u00cd DE SANT GERVASI! | Psico2 | Georgina Barcel\u00f3 i Alba Sabat\u00e9","isPartOf":{"@id":"https:\/\/psico2.com\/es\/#website"},"primaryImageOfPage":{"@id":"https:\/\/psico2.com\/es\/general\/los-celos-entre-hermanos-este-mes-en-el-jardi-de-sant-gervasi\/#primaryimage"},"image":{"@id":"https:\/\/psico2.com\/es\/general\/los-celos-entre-hermanos-este-mes-en-el-jardi-de-sant-gervasi\/#primaryimage"},"thumbnailUrl":"https:\/\/psico2.com\/wp-content\/uploads\/2019\/02\/GELOSIA-ENTRE-GERMANS.jpg","datePublished":"2016-03-10T14:26:09+00:00","dateModified":"2019-03-29T14:58:22+00:00","description":"El pr\u00edncipe destronado: Celos entre hermanos Una de las dificultades que tienen que atravesar casi todos los padres que tienen m\u00e1s de un hijo es la","breadcrumb":{"@id":"https:\/\/psico2.com\/es\/general\/los-celos-entre-hermanos-este-mes-en-el-jardi-de-sant-gervasi\/#breadcrumb"},"inLanguage":"es","potentialAction":[{"@type":"ReadAction","target":["https:\/\/psico2.com\/es\/general\/los-celos-entre-hermanos-este-mes-en-el-jardi-de-sant-gervasi\/"]}]},{"@type":"ImageObject","inLanguage":"es","@id":"https:\/\/psico2.com\/es\/general\/los-celos-entre-hermanos-este-mes-en-el-jardi-de-sant-gervasi\/#primaryimage","url":"https:\/\/psico2.com\/wp-content\/uploads\/2019\/02\/GELOSIA-ENTRE-GERMANS.jpg","contentUrl":"https:\/\/psico2.com\/wp-content\/uploads\/2019\/02\/GELOSIA-ENTRE-GERMANS.jpg","width":620,"height":415,"caption":"Psico 2 - Blog - GELOSIA ENTRE GERMANS.jpg"},{"@type":"BreadcrumbList","@id":"https:\/\/psico2.com\/es\/general\/los-celos-entre-hermanos-este-mes-en-el-jardi-de-sant-gervasi\/#breadcrumb","itemListElement":[{"@type":"ListItem","position":1,"name":"Inici","item":"https:\/\/psico2.com\/es\/"},{"@type":"ListItem","position":2,"name":"LOS CELOS ENTRE HERMANOS, ESTE MES EN EL JARD\u00cd DE SANT GERVASI!"}]},{"@type":"WebSite","@id":"https:\/\/psico2.com\/es\/#website","url":"https:\/\/psico2.com\/es\/","name":"Psico2","description":"Georgina Barcel\u00f3 i Alba Sabat\u00e9","publisher":{"@id":"https:\/\/psico2.com\/es\/#organization"},"potentialAction":[{"@type":"SearchAction","target":{"@type":"EntryPoint","urlTemplate":"https:\/\/psico2.com\/es\/?s={search_term_string}"},"query-input":{"@type":"PropertyValueSpecification","valueRequired":true,"valueName":"search_term_string"}}],"inLanguage":"es"},{"@type":"Organization","@id":"https:\/\/psico2.com\/es\/#organization","name":"Psico2","url":"https:\/\/psico2.com\/es\/","logo":{"@type":"ImageObject","inLanguage":"es","@id":"https:\/\/psico2.com\/es\/#\/schema\/logo\/image\/","url":"https:\/\/psico2.com\/wp-content\/uploads\/2019\/01\/logo.png","contentUrl":"https:\/\/psico2.com\/wp-content\/uploads\/2019\/01\/logo.png","width":512,"height":512,"caption":"Psico2"},"image":{"@id":"https:\/\/psico2.com\/es\/#\/schema\/logo\/image\/"},"sameAs":["https:\/\/www.facebook.com\/psico2psicologiaipsicopedagogia\/","https:\/\/www.instagram.com\/psico2.georginaialba\/","https:\/\/www.linkedin.com\/company\/psico2-psicologia-i-psicopedagogia\/about\/"]},{"@type":"Person","@id":"https:\/\/psico2.com\/es\/#\/schema\/person\/04c5c630b78e0a5aa0cd8fb06f710355","name":"Georgina Barcel\u00f3","image":{"@type":"ImageObject","inLanguage":"es","@id":"https:\/\/psico2.com\/es\/#\/schema\/person\/image\/","url":"https:\/\/secure.gravatar.com\/avatar\/f0e35fb2cd794feefeabfb4055b153e7312015d7fc9d940039c1bffc1a595c7a?s=96&d=mm&r=g","contentUrl":"https:\/\/secure.gravatar.com\/avatar\/f0e35fb2cd794feefeabfb4055b153e7312015d7fc9d940039c1bffc1a595c7a?s=96&d=mm&r=g","caption":"Georgina Barcel\u00f3"}}]}},"_links":{"self":[{"href":"https:\/\/psico2.com\/es\/wp-json\/wp\/v2\/posts\/716","targetHints":{"allow":["GET"]}}],"collection":[{"href":"https:\/\/psico2.com\/es\/wp-json\/wp\/v2\/posts"}],"about":[{"href":"https:\/\/psico2.com\/es\/wp-json\/wp\/v2\/types\/post"}],"author":[{"embeddable":true,"href":"https:\/\/psico2.com\/es\/wp-json\/wp\/v2\/users\/5"}],"replies":[{"embeddable":true,"href":"https:\/\/psico2.com\/es\/wp-json\/wp\/v2\/comments?post=716"}],"version-history":[{"count":1,"href":"https:\/\/psico2.com\/es\/wp-json\/wp\/v2\/posts\/716\/revisions"}],"predecessor-version":[{"id":1047,"href":"https:\/\/psico2.com\/es\/wp-json\/wp\/v2\/posts\/716\/revisions\/1047"}],"wp:featuredmedia":[{"embeddable":true,"href":"https:\/\/psico2.com\/es\/wp-json\/wp\/v2\/media\/330"}],"wp:attachment":[{"href":"https:\/\/psico2.com\/es\/wp-json\/wp\/v2\/media?parent=716"}],"wp:term":[{"taxonomy":"category","embeddable":true,"href":"https:\/\/psico2.com\/es\/wp-json\/wp\/v2\/categories?post=716"},{"taxonomy":"post_tag","embeddable":true,"href":"https:\/\/psico2.com\/es\/wp-json\/wp\/v2\/tags?post=716"}],"curies":[{"name":"wp","href":"https:\/\/api.w.org\/{rel}","templated":true}]}}