{"id":717,"date":"2016-05-05T14:26:09","date_gmt":"2016-05-05T14:26:09","guid":{"rendered":"https:\/\/psico2.com\/general\/la-importancia-de-la-comunicacion\/"},"modified":"2019-03-29T14:57:49","modified_gmt":"2019-03-29T14:57:49","slug":"la-importancia-de-la-comunicacion","status":"publish","type":"post","link":"https:\/\/psico2.com\/es\/general\/la-importancia-de-la-comunicacion\/","title":{"rendered":"LA IMPORT\u00c0NCIA DE LA COMUNICACI\u00d3N"},"content":{"rendered":"<p style=\"text-align: justify;\">\u00a0Ya hace unos meses ten\u00edamos en mente la creaci\u00f3n de este art\u00edculo. Cada d\u00eda y cada vez m\u00e1s a menudo nos encontramos en consulta la necesidad de hacer patente la importancia que tiene poder hablar con los que tenemos al lado, pareja, hijos, hermanos, padres, amigos&#8230; Y es que a pesar de ser una afirmaci\u00f3n muy evidente todav\u00eda queda mucho camino para que podamos decir que la comunicaci\u00f3n se produce de una manera habitual en nuestras casas.<\/p>\n<p style=\"text-align: justify;\">Es cierto que todos no pensamos, no sentimos y no hacemos de la misma forma y es por ello que es importante que comuniquemos a nuestro entorno lo que nos pasa. Se suele dar por supuesto muchas de las cosas que habr\u00eda que decir y este hecho suele ser un nido de malentendidos, suposiciones, expectativas elevadas y desenga\u00f1os.<\/p>\n<p style=\"text-align: justify;\">Y qu\u00e9 nos pasa? Porqu\u00e9 es tan dif\u00edcil expresar todo lo que para nosotros es importante?<\/p>\n<p style=\"text-align: justify;\">Pues la verdad es que muchas veces no hablamos por miedo, miedo a perder a las personas que tenemos al lado, miedo a hacernos pesados, miedo a hacer da\u00f1o o miedo a las consecuencias de nuestra conversaci\u00f3n. Tambi\u00e9n solemos callar para no preocupar a nuestro entorno, cuando en realidad no nos damos cuenta de que el silencio suele ser m\u00e1s preocupante que la realidad. Y tambi\u00e9n callamos muchas veces porque damos por supuesto que el otro ya sabe lo que nos pasa. Por rabia, por demasiada tristeza, son muchos los motivos que pueden llevarnos a no hablar.<\/p>\n<p style=\"text-align: justify;\">Hoy desde Psico2 os queremos animar a comunicar!<\/p>\n<p style=\"text-align: justify;\">Se pueden decir las cosas de muchas maneras, \u00bfqui\u00e9n no ha o\u00eddo hablar de la comunicaci\u00f3n asertiva? Decir lo que sientes respetando a ti mismo y sin hacer da\u00f1o a los dem\u00e1s.<\/p>\n<p style=\"text-align: justify;\">Este ser\u00eda el estilo ideal para comunicar las cosas, el asertivo. Ahora bien, tambi\u00e9n debemos tener claro que lo que tenemos que decir es importante y que cuanto m\u00e1s serenamente lo expresemos los efectos producidos pueden acabar siendo muy beneficiosos para ambas partes.<\/p>\n<p style=\"text-align: justify;\">As\u00ed que el estilo comunicativo ser\u00e1 importante, pero no imprescindible mientras respetemos al interlocutor y a nosotros mismos.<\/p>\n<p style=\"text-align: justify;\">Hablemos, hablemos del amor, hablemos de la muerte, hablemos de trabajo, hablemos de sentimientos, resolvamos dudas, preguntemos cosas que no nos hayan quedado claras, hablemos de deseos, hablemos de sue\u00f1os y hablemos!<\/p>\n<p style=\"text-align: justify;\">\u00bfCu\u00e1ntas veces te has quedado con el buche lleno y no has tenido la oportunidad de vaciarlo, de explicar, de responder? Es importante para nuestra salud mental que esto no ocurra. Reflexiona y si ves que comunicar para ti es una dificultad muy grande, no dudes en ponerte en contacto con un buen profesional que te pueda acompa\u00f1ar en el arte de expresar&#8230; a la larga te sentir\u00e1s muy aliviado.<\/p>\n<p style=\"text-align: right;\">Equipo dePsico2<\/p>\n<p style=\"text-align: justify;\">\n","protected":false},"excerpt":{"rendered":"<p>\u00a0Ya hace unos meses ten\u00edamos en mente la creaci\u00f3n de este art\u00edculo. Cada d\u00eda y cada vez m\u00e1s a menudo nos encontramos en consulta la necesidad de hacer patente la importancia que tiene poder hablar con los que tenemos al lado, pareja, hijos, hermanos, padres, amigos&#8230; Y es que a pesar de ser una afirmaci\u00f3n [&hellip;]<\/p>\n","protected":false},"author":4,"featured_media":256,"comment_status":"closed","ping_status":"closed","sticky":false,"template":"","format":"standard","meta":{"footnotes":""},"categories":[215,214,187,5],"tags":[208,206],"class_list":["post-717","post","type-post","status-publish","format-standard","has-post-thumbnail","hentry","category-terapia-adultos","category-terapia-de-pareja","category-terapia-infantil-es","category-general","tag-comunicacion","tag-emociones"],"yoast_head":"<!-- This site is optimized with the Yoast SEO plugin v27.1.1 - https:\/\/yoast.com\/product\/yoast-seo-wordpress\/ -->\n<title>LA IMPORT\u00c0NCIA DE LA COMUNICACI\u00d3N | Psico2 | Georgina Barcel\u00f3 i Alba Sabat\u00e9<\/title>\n<meta name=\"description\" content=\"\u00a0Ya hace unos meses ten\u00edamos en mente la creaci\u00f3n de este art\u00edculo. Cada d\u00eda y cada vez m\u00e1s a menudo nos encontramos en consulta la necesidad de hacer\" \/>\n<meta name=\"robots\" content=\"index, follow, max-snippet:-1, max-image-preview:large, max-video-preview:-1\" \/>\n<link rel=\"canonical\" href=\"https:\/\/psico2.com\/es\/general\/la-importancia-de-la-comunicacion\/\" \/>\n<meta property=\"og:locale\" content=\"es_ES\" \/>\n<meta property=\"og:type\" content=\"article\" \/>\n<meta property=\"og:title\" content=\"LA IMPORT\u00c0NCIA DE LA COMUNICACI\u00d3N | Psico2 | Georgina Barcel\u00f3 i Alba Sabat\u00e9\" \/>\n<meta property=\"og:description\" content=\"\u00a0Ya hace unos meses ten\u00edamos en mente la creaci\u00f3n de este art\u00edculo. Cada d\u00eda y cada vez m\u00e1s a menudo nos encontramos en consulta la necesidad de hacer\" \/>\n<meta property=\"og:url\" content=\"https:\/\/psico2.com\/es\/general\/la-importancia-de-la-comunicacion\/\" \/>\n<meta property=\"og:site_name\" content=\"Psico2\" \/>\n<meta property=\"article:publisher\" content=\"https:\/\/www.facebook.com\/psico2psicologiaipsicopedagogia\/\" \/>\n<meta property=\"article:published_time\" content=\"2016-05-05T14:26:09+00:00\" \/>\n<meta property=\"article:modified_time\" content=\"2019-03-29T14:57:49+00:00\" \/>\n<meta property=\"og:image\" content=\"https:\/\/psico2.com\/wp-content\/uploads\/2019\/02\/talk-bubble-1174081.jpg\" \/>\n\t<meta property=\"og:image:width\" content=\"311\" \/>\n\t<meta property=\"og:image:height\" content=\"440\" \/>\n\t<meta property=\"og:image:type\" content=\"image\/jpeg\" \/>\n<meta name=\"author\" content=\"Alba Sabat\u00e9 Olius\" \/>\n<meta name=\"twitter:card\" content=\"summary_large_image\" \/>\n<meta name=\"twitter:label1\" content=\"Escrito por\" \/>\n\t<meta name=\"twitter:data1\" content=\"Alba Sabat\u00e9 Olius\" \/>\n\t<meta name=\"twitter:label2\" content=\"Tiempo de lectura\" \/>\n\t<meta name=\"twitter:data2\" content=\"2 minutos\" \/>\n<script type=\"application\/ld+json\" class=\"yoast-schema-graph\">{\"@context\":\"https:\/\/schema.org\",\"@graph\":[{\"@type\":\"Article\",\"@id\":\"https:\/\/psico2.com\/es\/general\/la-importancia-de-la-comunicacion\/#article\",\"isPartOf\":{\"@id\":\"https:\/\/psico2.com\/es\/general\/la-importancia-de-la-comunicacion\/\"},\"author\":{\"name\":\"Alba Sabat\u00e9 Olius\",\"@id\":\"https:\/\/psico2.com\/es\/#\/schema\/person\/1adca29b90d0c1275a11ae26817e57e0\"},\"headline\":\"LA IMPORT\u00c0NCIA DE LA COMUNICACI\u00d3N\",\"datePublished\":\"2016-05-05T14:26:09+00:00\",\"dateModified\":\"2019-03-29T14:57:49+00:00\",\"mainEntityOfPage\":{\"@id\":\"https:\/\/psico2.com\/es\/general\/la-importancia-de-la-comunicacion\/\"},\"wordCount\":488,\"publisher\":{\"@id\":\"https:\/\/psico2.com\/es\/#organization\"},\"image\":{\"@id\":\"https:\/\/psico2.com\/es\/general\/la-importancia-de-la-comunicacion\/#primaryimage\"},\"thumbnailUrl\":\"https:\/\/psico2.com\/wp-content\/uploads\/2019\/02\/talk-bubble-1174081.jpg\",\"keywords\":[\"comunicaci\u00f3n\",\"emociones\"],\"articleSection\":[\"Terapia adultos\",\"Terapia de pareja\",\"Terapia infantil\",\"General\"],\"inLanguage\":\"es\"},{\"@type\":\"WebPage\",\"@id\":\"https:\/\/psico2.com\/es\/general\/la-importancia-de-la-comunicacion\/\",\"url\":\"https:\/\/psico2.com\/es\/general\/la-importancia-de-la-comunicacion\/\",\"name\":\"LA IMPORT\u00c0NCIA DE LA COMUNICACI\u00d3N | Psico2 | Georgina Barcel\u00f3 i Alba Sabat\u00e9\",\"isPartOf\":{\"@id\":\"https:\/\/psico2.com\/es\/#website\"},\"primaryImageOfPage\":{\"@id\":\"https:\/\/psico2.com\/es\/general\/la-importancia-de-la-comunicacion\/#primaryimage\"},\"image\":{\"@id\":\"https:\/\/psico2.com\/es\/general\/la-importancia-de-la-comunicacion\/#primaryimage\"},\"thumbnailUrl\":\"https:\/\/psico2.com\/wp-content\/uploads\/2019\/02\/talk-bubble-1174081.jpg\",\"datePublished\":\"2016-05-05T14:26:09+00:00\",\"dateModified\":\"2019-03-29T14:57:49+00:00\",\"description\":\"\u00a0Ya hace unos meses ten\u00edamos en mente la creaci\u00f3n de este art\u00edculo. Cada d\u00eda y cada vez m\u00e1s a menudo nos encontramos en consulta la necesidad de hacer\",\"breadcrumb\":{\"@id\":\"https:\/\/psico2.com\/es\/general\/la-importancia-de-la-comunicacion\/#breadcrumb\"},\"inLanguage\":\"es\",\"potentialAction\":[{\"@type\":\"ReadAction\",\"target\":[\"https:\/\/psico2.com\/es\/general\/la-importancia-de-la-comunicacion\/\"]}]},{\"@type\":\"ImageObject\",\"inLanguage\":\"es\",\"@id\":\"https:\/\/psico2.com\/es\/general\/la-importancia-de-la-comunicacion\/#primaryimage\",\"url\":\"https:\/\/psico2.com\/wp-content\/uploads\/2019\/02\/talk-bubble-1174081.jpg\",\"contentUrl\":\"https:\/\/psico2.com\/wp-content\/uploads\/2019\/02\/talk-bubble-1174081.jpg\",\"width\":311,\"height\":440,\"caption\":\"Psico 2 - Blog - problemas de pareja\"},{\"@type\":\"BreadcrumbList\",\"@id\":\"https:\/\/psico2.com\/es\/general\/la-importancia-de-la-comunicacion\/#breadcrumb\",\"itemListElement\":[{\"@type\":\"ListItem\",\"position\":1,\"name\":\"Inici\",\"item\":\"https:\/\/psico2.com\/es\/\"},{\"@type\":\"ListItem\",\"position\":2,\"name\":\"LA IMPORT\u00c0NCIA DE LA COMUNICACI\u00d3N\"}]},{\"@type\":\"WebSite\",\"@id\":\"https:\/\/psico2.com\/es\/#website\",\"url\":\"https:\/\/psico2.com\/es\/\",\"name\":\"Psico2\",\"description\":\"Georgina Barcel\u00f3 i Alba Sabat\u00e9\",\"publisher\":{\"@id\":\"https:\/\/psico2.com\/es\/#organization\"},\"potentialAction\":[{\"@type\":\"SearchAction\",\"target\":{\"@type\":\"EntryPoint\",\"urlTemplate\":\"https:\/\/psico2.com\/es\/?s={search_term_string}\"},\"query-input\":{\"@type\":\"PropertyValueSpecification\",\"valueRequired\":true,\"valueName\":\"search_term_string\"}}],\"inLanguage\":\"es\"},{\"@type\":\"Organization\",\"@id\":\"https:\/\/psico2.com\/es\/#organization\",\"name\":\"Psico2\",\"url\":\"https:\/\/psico2.com\/es\/\",\"logo\":{\"@type\":\"ImageObject\",\"inLanguage\":\"es\",\"@id\":\"https:\/\/psico2.com\/es\/#\/schema\/logo\/image\/\",\"url\":\"https:\/\/psico2.com\/wp-content\/uploads\/2019\/01\/logo.png\",\"contentUrl\":\"https:\/\/psico2.com\/wp-content\/uploads\/2019\/01\/logo.png\",\"width\":512,\"height\":512,\"caption\":\"Psico2\"},\"image\":{\"@id\":\"https:\/\/psico2.com\/es\/#\/schema\/logo\/image\/\"},\"sameAs\":[\"https:\/\/www.facebook.com\/psico2psicologiaipsicopedagogia\/\",\"https:\/\/www.instagram.com\/psico2.georginaialba\/\",\"https:\/\/www.linkedin.com\/company\/psico2-psicologia-i-psicopedagogia\/about\/\"]},{\"@type\":\"Person\",\"@id\":\"https:\/\/psico2.com\/es\/#\/schema\/person\/1adca29b90d0c1275a11ae26817e57e0\",\"name\":\"Alba Sabat\u00e9 Olius\",\"image\":{\"@type\":\"ImageObject\",\"inLanguage\":\"es\",\"@id\":\"https:\/\/psico2.com\/es\/#\/schema\/person\/image\/\",\"url\":\"https:\/\/secure.gravatar.com\/avatar\/17c054605ea350ae11a4c365b97377969e210b7c25fbf556b93deaebabc28387?s=96&d=mm&r=g\",\"contentUrl\":\"https:\/\/secure.gravatar.com\/avatar\/17c054605ea350ae11a4c365b97377969e210b7c25fbf556b93deaebabc28387?s=96&d=mm&r=g\",\"caption\":\"Alba Sabat\u00e9 Olius\"}}]}<\/script>\n<!-- \/ Yoast SEO plugin. -->","yoast_head_json":{"title":"LA IMPORT\u00c0NCIA DE LA COMUNICACI\u00d3N | Psico2 | Georgina Barcel\u00f3 i Alba Sabat\u00e9","description":"\u00a0Ya hace unos meses ten\u00edamos en mente la creaci\u00f3n de este art\u00edculo. Cada d\u00eda y cada vez m\u00e1s a menudo nos encontramos en consulta la necesidad de hacer","robots":{"index":"index","follow":"follow","max-snippet":"max-snippet:-1","max-image-preview":"max-image-preview:large","max-video-preview":"max-video-preview:-1"},"canonical":"https:\/\/psico2.com\/es\/general\/la-importancia-de-la-comunicacion\/","og_locale":"es_ES","og_type":"article","og_title":"LA IMPORT\u00c0NCIA DE LA COMUNICACI\u00d3N | Psico2 | Georgina Barcel\u00f3 i Alba Sabat\u00e9","og_description":"\u00a0Ya hace unos meses ten\u00edamos en mente la creaci\u00f3n de este art\u00edculo. Cada d\u00eda y cada vez m\u00e1s a menudo nos encontramos en consulta la necesidad de hacer","og_url":"https:\/\/psico2.com\/es\/general\/la-importancia-de-la-comunicacion\/","og_site_name":"Psico2","article_publisher":"https:\/\/www.facebook.com\/psico2psicologiaipsicopedagogia\/","article_published_time":"2016-05-05T14:26:09+00:00","article_modified_time":"2019-03-29T14:57:49+00:00","og_image":[{"width":311,"height":440,"url":"https:\/\/psico2.com\/wp-content\/uploads\/2019\/02\/talk-bubble-1174081.jpg","type":"image\/jpeg"}],"author":"Alba Sabat\u00e9 Olius","twitter_card":"summary_large_image","twitter_misc":{"Escrito por":"Alba Sabat\u00e9 Olius","Tiempo de lectura":"2 minutos"},"schema":{"@context":"https:\/\/schema.org","@graph":[{"@type":"Article","@id":"https:\/\/psico2.com\/es\/general\/la-importancia-de-la-comunicacion\/#article","isPartOf":{"@id":"https:\/\/psico2.com\/es\/general\/la-importancia-de-la-comunicacion\/"},"author":{"name":"Alba Sabat\u00e9 Olius","@id":"https:\/\/psico2.com\/es\/#\/schema\/person\/1adca29b90d0c1275a11ae26817e57e0"},"headline":"LA IMPORT\u00c0NCIA DE LA COMUNICACI\u00d3N","datePublished":"2016-05-05T14:26:09+00:00","dateModified":"2019-03-29T14:57:49+00:00","mainEntityOfPage":{"@id":"https:\/\/psico2.com\/es\/general\/la-importancia-de-la-comunicacion\/"},"wordCount":488,"publisher":{"@id":"https:\/\/psico2.com\/es\/#organization"},"image":{"@id":"https:\/\/psico2.com\/es\/general\/la-importancia-de-la-comunicacion\/#primaryimage"},"thumbnailUrl":"https:\/\/psico2.com\/wp-content\/uploads\/2019\/02\/talk-bubble-1174081.jpg","keywords":["comunicaci\u00f3n","emociones"],"articleSection":["Terapia adultos","Terapia de pareja","Terapia infantil","General"],"inLanguage":"es"},{"@type":"WebPage","@id":"https:\/\/psico2.com\/es\/general\/la-importancia-de-la-comunicacion\/","url":"https:\/\/psico2.com\/es\/general\/la-importancia-de-la-comunicacion\/","name":"LA IMPORT\u00c0NCIA DE LA COMUNICACI\u00d3N | Psico2 | Georgina Barcel\u00f3 i Alba Sabat\u00e9","isPartOf":{"@id":"https:\/\/psico2.com\/es\/#website"},"primaryImageOfPage":{"@id":"https:\/\/psico2.com\/es\/general\/la-importancia-de-la-comunicacion\/#primaryimage"},"image":{"@id":"https:\/\/psico2.com\/es\/general\/la-importancia-de-la-comunicacion\/#primaryimage"},"thumbnailUrl":"https:\/\/psico2.com\/wp-content\/uploads\/2019\/02\/talk-bubble-1174081.jpg","datePublished":"2016-05-05T14:26:09+00:00","dateModified":"2019-03-29T14:57:49+00:00","description":"\u00a0Ya hace unos meses ten\u00edamos en mente la creaci\u00f3n de este art\u00edculo. Cada d\u00eda y cada vez m\u00e1s a menudo nos encontramos en consulta la necesidad de hacer","breadcrumb":{"@id":"https:\/\/psico2.com\/es\/general\/la-importancia-de-la-comunicacion\/#breadcrumb"},"inLanguage":"es","potentialAction":[{"@type":"ReadAction","target":["https:\/\/psico2.com\/es\/general\/la-importancia-de-la-comunicacion\/"]}]},{"@type":"ImageObject","inLanguage":"es","@id":"https:\/\/psico2.com\/es\/general\/la-importancia-de-la-comunicacion\/#primaryimage","url":"https:\/\/psico2.com\/wp-content\/uploads\/2019\/02\/talk-bubble-1174081.jpg","contentUrl":"https:\/\/psico2.com\/wp-content\/uploads\/2019\/02\/talk-bubble-1174081.jpg","width":311,"height":440,"caption":"Psico 2 - Blog - problemas de pareja"},{"@type":"BreadcrumbList","@id":"https:\/\/psico2.com\/es\/general\/la-importancia-de-la-comunicacion\/#breadcrumb","itemListElement":[{"@type":"ListItem","position":1,"name":"Inici","item":"https:\/\/psico2.com\/es\/"},{"@type":"ListItem","position":2,"name":"LA IMPORT\u00c0NCIA DE LA COMUNICACI\u00d3N"}]},{"@type":"WebSite","@id":"https:\/\/psico2.com\/es\/#website","url":"https:\/\/psico2.com\/es\/","name":"Psico2","description":"Georgina Barcel\u00f3 i Alba Sabat\u00e9","publisher":{"@id":"https:\/\/psico2.com\/es\/#organization"},"potentialAction":[{"@type":"SearchAction","target":{"@type":"EntryPoint","urlTemplate":"https:\/\/psico2.com\/es\/?s={search_term_string}"},"query-input":{"@type":"PropertyValueSpecification","valueRequired":true,"valueName":"search_term_string"}}],"inLanguage":"es"},{"@type":"Organization","@id":"https:\/\/psico2.com\/es\/#organization","name":"Psico2","url":"https:\/\/psico2.com\/es\/","logo":{"@type":"ImageObject","inLanguage":"es","@id":"https:\/\/psico2.com\/es\/#\/schema\/logo\/image\/","url":"https:\/\/psico2.com\/wp-content\/uploads\/2019\/01\/logo.png","contentUrl":"https:\/\/psico2.com\/wp-content\/uploads\/2019\/01\/logo.png","width":512,"height":512,"caption":"Psico2"},"image":{"@id":"https:\/\/psico2.com\/es\/#\/schema\/logo\/image\/"},"sameAs":["https:\/\/www.facebook.com\/psico2psicologiaipsicopedagogia\/","https:\/\/www.instagram.com\/psico2.georginaialba\/","https:\/\/www.linkedin.com\/company\/psico2-psicologia-i-psicopedagogia\/about\/"]},{"@type":"Person","@id":"https:\/\/psico2.com\/es\/#\/schema\/person\/1adca29b90d0c1275a11ae26817e57e0","name":"Alba Sabat\u00e9 Olius","image":{"@type":"ImageObject","inLanguage":"es","@id":"https:\/\/psico2.com\/es\/#\/schema\/person\/image\/","url":"https:\/\/secure.gravatar.com\/avatar\/17c054605ea350ae11a4c365b97377969e210b7c25fbf556b93deaebabc28387?s=96&d=mm&r=g","contentUrl":"https:\/\/secure.gravatar.com\/avatar\/17c054605ea350ae11a4c365b97377969e210b7c25fbf556b93deaebabc28387?s=96&d=mm&r=g","caption":"Alba Sabat\u00e9 Olius"}}]}},"_links":{"self":[{"href":"https:\/\/psico2.com\/es\/wp-json\/wp\/v2\/posts\/717","targetHints":{"allow":["GET"]}}],"collection":[{"href":"https:\/\/psico2.com\/es\/wp-json\/wp\/v2\/posts"}],"about":[{"href":"https:\/\/psico2.com\/es\/wp-json\/wp\/v2\/types\/post"}],"author":[{"embeddable":true,"href":"https:\/\/psico2.com\/es\/wp-json\/wp\/v2\/users\/4"}],"replies":[{"embeddable":true,"href":"https:\/\/psico2.com\/es\/wp-json\/wp\/v2\/comments?post=717"}],"version-history":[{"count":1,"href":"https:\/\/psico2.com\/es\/wp-json\/wp\/v2\/posts\/717\/revisions"}],"predecessor-version":[{"id":1046,"href":"https:\/\/psico2.com\/es\/wp-json\/wp\/v2\/posts\/717\/revisions\/1046"}],"wp:featuredmedia":[{"embeddable":true,"href":"https:\/\/psico2.com\/es\/wp-json\/wp\/v2\/media\/256"}],"wp:attachment":[{"href":"https:\/\/psico2.com\/es\/wp-json\/wp\/v2\/media?parent=717"}],"wp:term":[{"taxonomy":"category","embeddable":true,"href":"https:\/\/psico2.com\/es\/wp-json\/wp\/v2\/categories?post=717"},{"taxonomy":"post_tag","embeddable":true,"href":"https:\/\/psico2.com\/es\/wp-json\/wp\/v2\/tags?post=717"}],"curies":[{"name":"wp","href":"https:\/\/api.w.org\/{rel}","templated":true}]}}