{"id":722,"date":"2016-06-17T14:26:09","date_gmt":"2016-06-17T14:26:09","guid":{"rendered":"https:\/\/psico2.com\/general\/que-hacer-con-los-deberes-de-verano\/"},"modified":"2019-03-29T14:53:42","modified_gmt":"2019-03-29T14:53:42","slug":"que-hacer-con-los-deberes-de-verano","status":"publish","type":"post","link":"https:\/\/psico2.com\/es\/general\/que-hacer-con-los-deberes-de-verano\/","title":{"rendered":"\u00bfQue hacer con los deberes de verano?"},"content":{"rendered":"<p>Como cada a\u00f1o, y seguramente este no es una excepci\u00f3n, ahora es el momento donde se decide y\/o se negocia con nuestro hijo sobre los deberes que deber\u00e1 hacer durante el verano.<\/p>\n<p>&nbsp;<\/p>\n<p>Es un hecho que el verano est\u00e1 para disfrutarlo. Despu\u00e9s de un a\u00f1o escolar, las energ\u00edas est\u00e1n agotadas y las ganas de diversi\u00f3n y descanso est\u00e1n m\u00e1s que justificadas,&#8230;. pero en total son casi 3 meses de vacaciones, y si tenemos la suerte de que nuestro hijo o hija lo ha aprobado todo, aparecer\u00e1n los deberes \u00abopcionales\u00bb o no tan opcionales que las escuelas nos proponen. Muchas veces, las propias dificultades de nuestros hijos, nos ayudan a no tener que luchar contra tal decisi\u00f3n, ya que los deberes ya tienen un car\u00e1cter obligatorio para yq que los tienen que presentar en septiembre. En este caso, o en el caso de tener que examinarse al volver del verano, la decisi\u00f3n ya no recae en nosotros, por tanto, es obligatorio ponerse al trabajo y comenzar con una buena planificaci\u00f3n veraniega, para que tengan tiempo para poder hacer de todo y no se nos acumule en los \u00faltimos d\u00edas de verano.<\/p>\n<p>&nbsp;<\/p>\n<p>En el caso de ser opcionales, es bueno tener presente que una desconexi\u00f3n total durante tanto tiempo, dificultar\u00e1 la readaptaci\u00f3n al nuevo curso y, por tanto, hacer un poco de trabajo en verano ayudar\u00e1 a que aparezcan menos consecuencias secundarias a este corte radical que se hace con la rutina diaria. Tambi\u00e9n es cierto, sin embargo, que los deberes de verano, sit\u00faan a los adultos a una posici\u00f3n de maestros que no nos es correspondido, y menos en esta \u00e9poca donde se busca estar en familia, huyendo de las prisas y los problemas del d\u00eda a d\u00eda. \u00bfQu\u00e9 hacer entonces? Desde Psico2, creemos que es bueno dedicar un espacio corto a los deberes de verano (ya sea en forma de tareas que nos han puesto los profesores o de cuadernos que las editoriales hacen para que sean lo m\u00e1s interactivos posibles) a la vez que hay que buscar actividades l\u00fadicas que haga que nuestros hijos tengan menos sensaci\u00f3n de estar trabajando, pero al mismo tiempo tambi\u00e9n ayudan a asimilar conocimientos adquiridos durante el curso escolar (como pueden ser el de ver pel\u00edculas en ingl\u00e9s, juegos de mesa que ayuden a la memoria, a la estrategia o en cultura, juegos de orientaci\u00f3n, concurso de dibujos donde se trabaja visual y pl\u00e1stica o incluso experimentos con alimentos donde podemos trabajar conceptos qu\u00edmicos o est\u00e9ticos. Y es que, \u00bfquien ha dicho que el conocimiento est\u00e1 re\u00f1ido con la diversi\u00f3n? S\u00f3lo es necesario un poco de imaginaci\u00f3n!!!\u00a0Recuerde que el verano es un momento id\u00f3neo para compartir un espacio l\u00fadico con nuestros hijos, y buscar actividades conjuntas puede ayudarnos a mejorar nuestra comunicaci\u00f3n con ellos.<\/p>\n","protected":false},"excerpt":{"rendered":"<p>Como cada a\u00f1o, y seguramente este no es una excepci\u00f3n, ahora es el momento donde se decide y\/o se negocia con nuestro hijo sobre los deberes que deber\u00e1 hacer durante el verano. &nbsp; Es un hecho que el verano est\u00e1 para disfrutarlo. Despu\u00e9s de un a\u00f1o escolar, las energ\u00edas est\u00e1n agotadas y las ganas de [&hellip;]<\/p>\n","protected":false},"author":5,"featured_media":269,"comment_status":"closed","ping_status":"closed","sticky":false,"template":"","format":"standard","meta":{"footnotes":""},"categories":[213,5],"tags":[204,200],"class_list":["post-722","post","type-post","status-publish","format-standard","has-post-thumbnail","hentry","category-dificultades-de-aprendizaje","category-general","tag-crecimiento-personal","tag-limites"],"yoast_head":"<!-- This site is optimized with the Yoast SEO plugin v27.1.1 - https:\/\/yoast.com\/product\/yoast-seo-wordpress\/ -->\n<title>\u00bfQue hacer con los deberes de verano? | Psico2 | Georgina Barcel\u00f3 i Alba Sabat\u00e9<\/title>\n<meta name=\"description\" content=\"Como cada a\u00f1o, y seguramente este no es una excepci\u00f3n, ahora es el momento donde se decide y\/o se negocia con nuestro hijo sobre los deberes que deber\u00e1\" \/>\n<meta name=\"robots\" content=\"index, follow, max-snippet:-1, max-image-preview:large, max-video-preview:-1\" \/>\n<link rel=\"canonical\" href=\"https:\/\/psico2.com\/es\/general\/que-hacer-con-los-deberes-de-verano\/\" \/>\n<meta property=\"og:locale\" content=\"es_ES\" \/>\n<meta property=\"og:type\" content=\"article\" \/>\n<meta property=\"og:title\" content=\"\u00bfQue hacer con los deberes de verano? | Psico2 | Georgina Barcel\u00f3 i Alba Sabat\u00e9\" \/>\n<meta property=\"og:description\" content=\"Como cada a\u00f1o, y seguramente este no es una excepci\u00f3n, ahora es el momento donde se decide y\/o se negocia con nuestro hijo sobre los deberes que deber\u00e1\" \/>\n<meta property=\"og:url\" content=\"https:\/\/psico2.com\/es\/general\/que-hacer-con-los-deberes-de-verano\/\" \/>\n<meta property=\"og:site_name\" content=\"Psico2\" \/>\n<meta property=\"article:publisher\" content=\"https:\/\/www.facebook.com\/psico2psicologiaipsicopedagogia\/\" \/>\n<meta property=\"article:published_time\" content=\"2016-06-17T14:26:09+00:00\" \/>\n<meta property=\"article:modified_time\" content=\"2019-03-29T14:53:42+00:00\" \/>\n<meta property=\"og:image\" content=\"https:\/\/psico2.com\/wp-content\/uploads\/2019\/02\/deures-destiu.gif\" \/>\n\t<meta property=\"og:image:width\" content=\"550\" \/>\n\t<meta property=\"og:image:height\" content=\"378\" \/>\n\t<meta property=\"og:image:type\" content=\"image\/gif\" \/>\n<meta name=\"author\" content=\"Georgina Barcel\u00f3\" \/>\n<meta name=\"twitter:card\" content=\"summary_large_image\" \/>\n<meta name=\"twitter:label1\" content=\"Escrito por\" \/>\n\t<meta name=\"twitter:data1\" content=\"Georgina Barcel\u00f3\" \/>\n\t<meta name=\"twitter:label2\" content=\"Tiempo de lectura\" \/>\n\t<meta name=\"twitter:data2\" content=\"3 minutos\" \/>\n<script type=\"application\/ld+json\" class=\"yoast-schema-graph\">{\"@context\":\"https:\/\/schema.org\",\"@graph\":[{\"@type\":\"Article\",\"@id\":\"https:\/\/psico2.com\/es\/general\/que-hacer-con-los-deberes-de-verano\/#article\",\"isPartOf\":{\"@id\":\"https:\/\/psico2.com\/es\/general\/que-hacer-con-los-deberes-de-verano\/\"},\"author\":{\"name\":\"Georgina Barcel\u00f3\",\"@id\":\"https:\/\/psico2.com\/es\/#\/schema\/person\/04c5c630b78e0a5aa0cd8fb06f710355\"},\"headline\":\"\u00bfQue hacer con los deberes de verano?\",\"datePublished\":\"2016-06-17T14:26:09+00:00\",\"dateModified\":\"2019-03-29T14:53:42+00:00\",\"mainEntityOfPage\":{\"@id\":\"https:\/\/psico2.com\/es\/general\/que-hacer-con-los-deberes-de-verano\/\"},\"wordCount\":509,\"publisher\":{\"@id\":\"https:\/\/psico2.com\/es\/#organization\"},\"image\":{\"@id\":\"https:\/\/psico2.com\/es\/general\/que-hacer-con-los-deberes-de-verano\/#primaryimage\"},\"thumbnailUrl\":\"https:\/\/psico2.com\/wp-content\/uploads\/2019\/02\/deures-destiu.gif\",\"keywords\":[\"crecimiento personal\",\"limites\"],\"articleSection\":[\"Dificultades de aprendizaje\",\"General\"],\"inLanguage\":\"es\"},{\"@type\":\"WebPage\",\"@id\":\"https:\/\/psico2.com\/es\/general\/que-hacer-con-los-deberes-de-verano\/\",\"url\":\"https:\/\/psico2.com\/es\/general\/que-hacer-con-los-deberes-de-verano\/\",\"name\":\"\u00bfQue hacer con los deberes de verano? | Psico2 | Georgina Barcel\u00f3 i Alba Sabat\u00e9\",\"isPartOf\":{\"@id\":\"https:\/\/psico2.com\/es\/#website\"},\"primaryImageOfPage\":{\"@id\":\"https:\/\/psico2.com\/es\/general\/que-hacer-con-los-deberes-de-verano\/#primaryimage\"},\"image\":{\"@id\":\"https:\/\/psico2.com\/es\/general\/que-hacer-con-los-deberes-de-verano\/#primaryimage\"},\"thumbnailUrl\":\"https:\/\/psico2.com\/wp-content\/uploads\/2019\/02\/deures-destiu.gif\",\"datePublished\":\"2016-06-17T14:26:09+00:00\",\"dateModified\":\"2019-03-29T14:53:42+00:00\",\"description\":\"Como cada a\u00f1o, y seguramente este no es una excepci\u00f3n, ahora es el momento donde se decide y\/o se negocia con nuestro hijo sobre los deberes que deber\u00e1\",\"breadcrumb\":{\"@id\":\"https:\/\/psico2.com\/es\/general\/que-hacer-con-los-deberes-de-verano\/#breadcrumb\"},\"inLanguage\":\"es\",\"potentialAction\":[{\"@type\":\"ReadAction\",\"target\":[\"https:\/\/psico2.com\/es\/general\/que-hacer-con-los-deberes-de-verano\/\"]}]},{\"@type\":\"ImageObject\",\"inLanguage\":\"es\",\"@id\":\"https:\/\/psico2.com\/es\/general\/que-hacer-con-los-deberes-de-verano\/#primaryimage\",\"url\":\"https:\/\/psico2.com\/wp-content\/uploads\/2019\/02\/deures-destiu.gif\",\"contentUrl\":\"https:\/\/psico2.com\/wp-content\/uploads\/2019\/02\/deures-destiu.gif\",\"width\":550,\"height\":378,\"caption\":\"Psico 2 - Blog - ayuda psicologica.jpg\"},{\"@type\":\"BreadcrumbList\",\"@id\":\"https:\/\/psico2.com\/es\/general\/que-hacer-con-los-deberes-de-verano\/#breadcrumb\",\"itemListElement\":[{\"@type\":\"ListItem\",\"position\":1,\"name\":\"Inici\",\"item\":\"https:\/\/psico2.com\/es\/\"},{\"@type\":\"ListItem\",\"position\":2,\"name\":\"\u00bfQue hacer con los deberes de verano?\"}]},{\"@type\":\"WebSite\",\"@id\":\"https:\/\/psico2.com\/es\/#website\",\"url\":\"https:\/\/psico2.com\/es\/\",\"name\":\"Psico2\",\"description\":\"Georgina Barcel\u00f3 i Alba Sabat\u00e9\",\"publisher\":{\"@id\":\"https:\/\/psico2.com\/es\/#organization\"},\"potentialAction\":[{\"@type\":\"SearchAction\",\"target\":{\"@type\":\"EntryPoint\",\"urlTemplate\":\"https:\/\/psico2.com\/es\/?s={search_term_string}\"},\"query-input\":{\"@type\":\"PropertyValueSpecification\",\"valueRequired\":true,\"valueName\":\"search_term_string\"}}],\"inLanguage\":\"es\"},{\"@type\":\"Organization\",\"@id\":\"https:\/\/psico2.com\/es\/#organization\",\"name\":\"Psico2\",\"url\":\"https:\/\/psico2.com\/es\/\",\"logo\":{\"@type\":\"ImageObject\",\"inLanguage\":\"es\",\"@id\":\"https:\/\/psico2.com\/es\/#\/schema\/logo\/image\/\",\"url\":\"https:\/\/psico2.com\/wp-content\/uploads\/2019\/01\/logo.png\",\"contentUrl\":\"https:\/\/psico2.com\/wp-content\/uploads\/2019\/01\/logo.png\",\"width\":512,\"height\":512,\"caption\":\"Psico2\"},\"image\":{\"@id\":\"https:\/\/psico2.com\/es\/#\/schema\/logo\/image\/\"},\"sameAs\":[\"https:\/\/www.facebook.com\/psico2psicologiaipsicopedagogia\/\",\"https:\/\/www.instagram.com\/psico2.georginaialba\/\",\"https:\/\/www.linkedin.com\/company\/psico2-psicologia-i-psicopedagogia\/about\/\"]},{\"@type\":\"Person\",\"@id\":\"https:\/\/psico2.com\/es\/#\/schema\/person\/04c5c630b78e0a5aa0cd8fb06f710355\",\"name\":\"Georgina Barcel\u00f3\",\"image\":{\"@type\":\"ImageObject\",\"inLanguage\":\"es\",\"@id\":\"https:\/\/psico2.com\/es\/#\/schema\/person\/image\/\",\"url\":\"https:\/\/secure.gravatar.com\/avatar\/f0e35fb2cd794feefeabfb4055b153e7312015d7fc9d940039c1bffc1a595c7a?s=96&d=mm&r=g\",\"contentUrl\":\"https:\/\/secure.gravatar.com\/avatar\/f0e35fb2cd794feefeabfb4055b153e7312015d7fc9d940039c1bffc1a595c7a?s=96&d=mm&r=g\",\"caption\":\"Georgina Barcel\u00f3\"}}]}<\/script>\n<!-- \/ Yoast SEO plugin. -->","yoast_head_json":{"title":"\u00bfQue hacer con los deberes de verano? | Psico2 | Georgina Barcel\u00f3 i Alba Sabat\u00e9","description":"Como cada a\u00f1o, y seguramente este no es una excepci\u00f3n, ahora es el momento donde se decide y\/o se negocia con nuestro hijo sobre los deberes que deber\u00e1","robots":{"index":"index","follow":"follow","max-snippet":"max-snippet:-1","max-image-preview":"max-image-preview:large","max-video-preview":"max-video-preview:-1"},"canonical":"https:\/\/psico2.com\/es\/general\/que-hacer-con-los-deberes-de-verano\/","og_locale":"es_ES","og_type":"article","og_title":"\u00bfQue hacer con los deberes de verano? | Psico2 | Georgina Barcel\u00f3 i Alba Sabat\u00e9","og_description":"Como cada a\u00f1o, y seguramente este no es una excepci\u00f3n, ahora es el momento donde se decide y\/o se negocia con nuestro hijo sobre los deberes que deber\u00e1","og_url":"https:\/\/psico2.com\/es\/general\/que-hacer-con-los-deberes-de-verano\/","og_site_name":"Psico2","article_publisher":"https:\/\/www.facebook.com\/psico2psicologiaipsicopedagogia\/","article_published_time":"2016-06-17T14:26:09+00:00","article_modified_time":"2019-03-29T14:53:42+00:00","og_image":[{"width":550,"height":378,"url":"https:\/\/psico2.com\/wp-content\/uploads\/2019\/02\/deures-destiu.gif","type":"image\/gif"}],"author":"Georgina Barcel\u00f3","twitter_card":"summary_large_image","twitter_misc":{"Escrito por":"Georgina Barcel\u00f3","Tiempo de lectura":"3 minutos"},"schema":{"@context":"https:\/\/schema.org","@graph":[{"@type":"Article","@id":"https:\/\/psico2.com\/es\/general\/que-hacer-con-los-deberes-de-verano\/#article","isPartOf":{"@id":"https:\/\/psico2.com\/es\/general\/que-hacer-con-los-deberes-de-verano\/"},"author":{"name":"Georgina Barcel\u00f3","@id":"https:\/\/psico2.com\/es\/#\/schema\/person\/04c5c630b78e0a5aa0cd8fb06f710355"},"headline":"\u00bfQue hacer con los deberes de verano?","datePublished":"2016-06-17T14:26:09+00:00","dateModified":"2019-03-29T14:53:42+00:00","mainEntityOfPage":{"@id":"https:\/\/psico2.com\/es\/general\/que-hacer-con-los-deberes-de-verano\/"},"wordCount":509,"publisher":{"@id":"https:\/\/psico2.com\/es\/#organization"},"image":{"@id":"https:\/\/psico2.com\/es\/general\/que-hacer-con-los-deberes-de-verano\/#primaryimage"},"thumbnailUrl":"https:\/\/psico2.com\/wp-content\/uploads\/2019\/02\/deures-destiu.gif","keywords":["crecimiento personal","limites"],"articleSection":["Dificultades de aprendizaje","General"],"inLanguage":"es"},{"@type":"WebPage","@id":"https:\/\/psico2.com\/es\/general\/que-hacer-con-los-deberes-de-verano\/","url":"https:\/\/psico2.com\/es\/general\/que-hacer-con-los-deberes-de-verano\/","name":"\u00bfQue hacer con los deberes de verano? | Psico2 | Georgina Barcel\u00f3 i Alba Sabat\u00e9","isPartOf":{"@id":"https:\/\/psico2.com\/es\/#website"},"primaryImageOfPage":{"@id":"https:\/\/psico2.com\/es\/general\/que-hacer-con-los-deberes-de-verano\/#primaryimage"},"image":{"@id":"https:\/\/psico2.com\/es\/general\/que-hacer-con-los-deberes-de-verano\/#primaryimage"},"thumbnailUrl":"https:\/\/psico2.com\/wp-content\/uploads\/2019\/02\/deures-destiu.gif","datePublished":"2016-06-17T14:26:09+00:00","dateModified":"2019-03-29T14:53:42+00:00","description":"Como cada a\u00f1o, y seguramente este no es una excepci\u00f3n, ahora es el momento donde se decide y\/o se negocia con nuestro hijo sobre los deberes que deber\u00e1","breadcrumb":{"@id":"https:\/\/psico2.com\/es\/general\/que-hacer-con-los-deberes-de-verano\/#breadcrumb"},"inLanguage":"es","potentialAction":[{"@type":"ReadAction","target":["https:\/\/psico2.com\/es\/general\/que-hacer-con-los-deberes-de-verano\/"]}]},{"@type":"ImageObject","inLanguage":"es","@id":"https:\/\/psico2.com\/es\/general\/que-hacer-con-los-deberes-de-verano\/#primaryimage","url":"https:\/\/psico2.com\/wp-content\/uploads\/2019\/02\/deures-destiu.gif","contentUrl":"https:\/\/psico2.com\/wp-content\/uploads\/2019\/02\/deures-destiu.gif","width":550,"height":378,"caption":"Psico 2 - Blog - ayuda psicologica.jpg"},{"@type":"BreadcrumbList","@id":"https:\/\/psico2.com\/es\/general\/que-hacer-con-los-deberes-de-verano\/#breadcrumb","itemListElement":[{"@type":"ListItem","position":1,"name":"Inici","item":"https:\/\/psico2.com\/es\/"},{"@type":"ListItem","position":2,"name":"\u00bfQue hacer con los deberes de verano?"}]},{"@type":"WebSite","@id":"https:\/\/psico2.com\/es\/#website","url":"https:\/\/psico2.com\/es\/","name":"Psico2","description":"Georgina Barcel\u00f3 i Alba Sabat\u00e9","publisher":{"@id":"https:\/\/psico2.com\/es\/#organization"},"potentialAction":[{"@type":"SearchAction","target":{"@type":"EntryPoint","urlTemplate":"https:\/\/psico2.com\/es\/?s={search_term_string}"},"query-input":{"@type":"PropertyValueSpecification","valueRequired":true,"valueName":"search_term_string"}}],"inLanguage":"es"},{"@type":"Organization","@id":"https:\/\/psico2.com\/es\/#organization","name":"Psico2","url":"https:\/\/psico2.com\/es\/","logo":{"@type":"ImageObject","inLanguage":"es","@id":"https:\/\/psico2.com\/es\/#\/schema\/logo\/image\/","url":"https:\/\/psico2.com\/wp-content\/uploads\/2019\/01\/logo.png","contentUrl":"https:\/\/psico2.com\/wp-content\/uploads\/2019\/01\/logo.png","width":512,"height":512,"caption":"Psico2"},"image":{"@id":"https:\/\/psico2.com\/es\/#\/schema\/logo\/image\/"},"sameAs":["https:\/\/www.facebook.com\/psico2psicologiaipsicopedagogia\/","https:\/\/www.instagram.com\/psico2.georginaialba\/","https:\/\/www.linkedin.com\/company\/psico2-psicologia-i-psicopedagogia\/about\/"]},{"@type":"Person","@id":"https:\/\/psico2.com\/es\/#\/schema\/person\/04c5c630b78e0a5aa0cd8fb06f710355","name":"Georgina Barcel\u00f3","image":{"@type":"ImageObject","inLanguage":"es","@id":"https:\/\/psico2.com\/es\/#\/schema\/person\/image\/","url":"https:\/\/secure.gravatar.com\/avatar\/f0e35fb2cd794feefeabfb4055b153e7312015d7fc9d940039c1bffc1a595c7a?s=96&d=mm&r=g","contentUrl":"https:\/\/secure.gravatar.com\/avatar\/f0e35fb2cd794feefeabfb4055b153e7312015d7fc9d940039c1bffc1a595c7a?s=96&d=mm&r=g","caption":"Georgina Barcel\u00f3"}}]}},"_links":{"self":[{"href":"https:\/\/psico2.com\/es\/wp-json\/wp\/v2\/posts\/722","targetHints":{"allow":["GET"]}}],"collection":[{"href":"https:\/\/psico2.com\/es\/wp-json\/wp\/v2\/posts"}],"about":[{"href":"https:\/\/psico2.com\/es\/wp-json\/wp\/v2\/types\/post"}],"author":[{"embeddable":true,"href":"https:\/\/psico2.com\/es\/wp-json\/wp\/v2\/users\/5"}],"replies":[{"embeddable":true,"href":"https:\/\/psico2.com\/es\/wp-json\/wp\/v2\/comments?post=722"}],"version-history":[{"count":1,"href":"https:\/\/psico2.com\/es\/wp-json\/wp\/v2\/posts\/722\/revisions"}],"predecessor-version":[{"id":1041,"href":"https:\/\/psico2.com\/es\/wp-json\/wp\/v2\/posts\/722\/revisions\/1041"}],"wp:featuredmedia":[{"embeddable":true,"href":"https:\/\/psico2.com\/es\/wp-json\/wp\/v2\/media\/269"}],"wp:attachment":[{"href":"https:\/\/psico2.com\/es\/wp-json\/wp\/v2\/media?parent=722"}],"wp:term":[{"taxonomy":"category","embeddable":true,"href":"https:\/\/psico2.com\/es\/wp-json\/wp\/v2\/categories?post=722"},{"taxonomy":"post_tag","embeddable":true,"href":"https:\/\/psico2.com\/es\/wp-json\/wp\/v2\/tags?post=722"}],"curies":[{"name":"wp","href":"https:\/\/api.w.org\/{rel}","templated":true}]}}