{"id":724,"date":"2016-10-07T14:26:15","date_gmt":"2016-10-07T14:26:15","guid":{"rendered":"https:\/\/psico2.com\/general\/vive-cada-dia-como-si-fuera-el-ultimo\/"},"modified":"2019-03-29T14:52:09","modified_gmt":"2019-03-29T14:52:09","slug":"vive-cada-dia-como-si-fuera-el-ultimo","status":"publish","type":"post","link":"https:\/\/psico2.com\/es\/general\/vive-cada-dia-como-si-fuera-el-ultimo\/","title":{"rendered":"VIVE CADA D\u00cdA COMO SI FUERA EL \u00daLTIMO"},"content":{"rendered":"<p><span lang=\"es\">Esta frase hay que decir que no es nuestra, la dijo Steve Jobs en uno de sus \u00faltimos discursos en la Universidad de Standford. Despu\u00e9s de leer el art\u00edculo la verdad es que nos han venido muchas reflexiones: la muerte, la pareja, el trabajo, el d\u00eda a d\u00eda &#8230; en definitiva las preocupaciones diarias y la necesidad de relativizar lo que nos pasa y lo que le pasa en nuestro entorno. Por eso os dejamos el enlace donde encontrareis sus palabras y podr\u00e9is reflexionar vosotros tambi\u00e9n! <\/span><\/p>\n<p><span lang=\"es\">Nada m\u00e1s, esperamos que os <\/span><span lang=\"es\">guste!\u00a0<\/span><\/p>\n<p><span lang=\"es\"><a href=\"http:\/\/www.catorze.cat\/noticia\/4078\/steve\/jobs\/cada\/dia\/si\/fos\/ultim\">http:\/\/www.catorze.cat\/noticia\/4078\/steve\/jobs\/cada\/dia\/si\/fos\/ultim<\/a><\/span><\/p>\n<p>&nbsp;<\/p>\n","protected":false},"excerpt":{"rendered":"<p>Esta frase hay que decir que no es nuestra, la dijo Steve Jobs en uno de sus \u00faltimos discursos en la Universidad de Standford. Despu\u00e9s de leer el art\u00edculo la verdad es que nos han venido muchas reflexiones: la muerte, la pareja, el trabajo, el d\u00eda a d\u00eda &#8230; en definitiva las preocupaciones diarias y [&hellip;]<\/p>\n","protected":false},"author":4,"featured_media":273,"comment_status":"closed","ping_status":"closed","sticky":false,"template":"","format":"standard","meta":{"footnotes":""},"categories":[215,212,5],"tags":[206,205,204],"class_list":["post-724","post","type-post","status-publish","format-standard","has-post-thumbnail","hentry","category-terapia-adultos","category-mindfulness-es","category-general","tag-emociones","tag-muerte","tag-crecimiento-personal"],"yoast_head":"<!-- This site is optimized with the Yoast SEO plugin v27.1.1 - https:\/\/yoast.com\/product\/yoast-seo-wordpress\/ -->\n<title>VIVE CADA D\u00cdA COMO SI FUERA EL \u00daLTIMO | Psico2 | Georgina Barcel\u00f3 i Alba Sabat\u00e9<\/title>\n<meta name=\"description\" content=\"Esta frase hay que decir que no es nuestra, la dijo Steve Jobs en uno de sus \u00faltimos discursos en la Universidad de Standford. Despu\u00e9s de leer el art\u00edculo\" \/>\n<meta name=\"robots\" content=\"index, follow, max-snippet:-1, max-image-preview:large, max-video-preview:-1\" \/>\n<link rel=\"canonical\" href=\"https:\/\/psico2.com\/es\/general\/vive-cada-dia-como-si-fuera-el-ultimo\/\" \/>\n<meta property=\"og:locale\" content=\"es_ES\" \/>\n<meta property=\"og:type\" content=\"article\" \/>\n<meta property=\"og:title\" content=\"VIVE CADA D\u00cdA COMO SI FUERA EL \u00daLTIMO | Psico2 | Georgina Barcel\u00f3 i Alba Sabat\u00e9\" \/>\n<meta property=\"og:description\" content=\"Esta frase hay que decir que no es nuestra, la dijo Steve Jobs en uno de sus \u00faltimos discursos en la Universidad de Standford. Despu\u00e9s de leer el art\u00edculo\" \/>\n<meta property=\"og:url\" content=\"https:\/\/psico2.com\/es\/general\/vive-cada-dia-como-si-fuera-el-ultimo\/\" \/>\n<meta property=\"og:site_name\" content=\"Psico2\" \/>\n<meta property=\"article:publisher\" content=\"https:\/\/www.facebook.com\/psico2psicologiaipsicopedagogia\/\" \/>\n<meta property=\"article:published_time\" content=\"2016-10-07T14:26:15+00:00\" \/>\n<meta property=\"article:modified_time\" content=\"2019-03-29T14:52:09+00:00\" \/>\n<meta property=\"og:image\" content=\"https:\/\/psico2.com\/wp-content\/uploads\/2019\/02\/650_1475523195SteveJobsBook.jpg\" \/>\n\t<meta property=\"og:image:width\" content=\"650\" \/>\n\t<meta property=\"og:image:height\" content=\"358\" \/>\n\t<meta property=\"og:image:type\" content=\"image\/jpeg\" \/>\n<meta name=\"author\" content=\"Alba Sabat\u00e9 Olius\" \/>\n<meta name=\"twitter:card\" content=\"summary_large_image\" \/>\n<meta name=\"twitter:label1\" content=\"Escrito por\" \/>\n\t<meta name=\"twitter:data1\" content=\"Alba Sabat\u00e9 Olius\" \/>\n\t<meta name=\"twitter:label2\" content=\"Tiempo de lectura\" \/>\n\t<meta name=\"twitter:data2\" content=\"1 minuto\" \/>\n<script type=\"application\/ld+json\" class=\"yoast-schema-graph\">{\"@context\":\"https:\/\/schema.org\",\"@graph\":[{\"@type\":\"Article\",\"@id\":\"https:\/\/psico2.com\/es\/general\/vive-cada-dia-como-si-fuera-el-ultimo\/#article\",\"isPartOf\":{\"@id\":\"https:\/\/psico2.com\/es\/general\/vive-cada-dia-como-si-fuera-el-ultimo\/\"},\"author\":{\"name\":\"Alba Sabat\u00e9 Olius\",\"@id\":\"https:\/\/psico2.com\/es\/#\/schema\/person\/1adca29b90d0c1275a11ae26817e57e0\"},\"headline\":\"VIVE CADA D\u00cdA COMO SI FUERA EL \u00daLTIMO\",\"datePublished\":\"2016-10-07T14:26:15+00:00\",\"dateModified\":\"2019-03-29T14:52:09+00:00\",\"mainEntityOfPage\":{\"@id\":\"https:\/\/psico2.com\/es\/general\/vive-cada-dia-como-si-fuera-el-ultimo\/\"},\"wordCount\":120,\"publisher\":{\"@id\":\"https:\/\/psico2.com\/es\/#organization\"},\"image\":{\"@id\":\"https:\/\/psico2.com\/es\/general\/vive-cada-dia-como-si-fuera-el-ultimo\/#primaryimage\"},\"thumbnailUrl\":\"https:\/\/psico2.com\/wp-content\/uploads\/2019\/02\/650_1475523195SteveJobsBook.jpg\",\"keywords\":[\"emociones\",\"muerte\",\"crecimiento personal\"],\"articleSection\":[\"Terapia adultos\",\"Mindfulness\",\"General\"],\"inLanguage\":\"es\"},{\"@type\":\"WebPage\",\"@id\":\"https:\/\/psico2.com\/es\/general\/vive-cada-dia-como-si-fuera-el-ultimo\/\",\"url\":\"https:\/\/psico2.com\/es\/general\/vive-cada-dia-como-si-fuera-el-ultimo\/\",\"name\":\"VIVE CADA D\u00cdA COMO SI FUERA EL \u00daLTIMO | Psico2 | Georgina Barcel\u00f3 i Alba Sabat\u00e9\",\"isPartOf\":{\"@id\":\"https:\/\/psico2.com\/es\/#website\"},\"primaryImageOfPage\":{\"@id\":\"https:\/\/psico2.com\/es\/general\/vive-cada-dia-como-si-fuera-el-ultimo\/#primaryimage\"},\"image\":{\"@id\":\"https:\/\/psico2.com\/es\/general\/vive-cada-dia-como-si-fuera-el-ultimo\/#primaryimage\"},\"thumbnailUrl\":\"https:\/\/psico2.com\/wp-content\/uploads\/2019\/02\/650_1475523195SteveJobsBook.jpg\",\"datePublished\":\"2016-10-07T14:26:15+00:00\",\"dateModified\":\"2019-03-29T14:52:09+00:00\",\"description\":\"Esta frase hay que decir que no es nuestra, la dijo Steve Jobs en uno de sus \u00faltimos discursos en la Universidad de Standford. Despu\u00e9s de leer el art\u00edculo\",\"breadcrumb\":{\"@id\":\"https:\/\/psico2.com\/es\/general\/vive-cada-dia-como-si-fuera-el-ultimo\/#breadcrumb\"},\"inLanguage\":\"es\",\"potentialAction\":[{\"@type\":\"ReadAction\",\"target\":[\"https:\/\/psico2.com\/es\/general\/vive-cada-dia-como-si-fuera-el-ultimo\/\"]}]},{\"@type\":\"ImageObject\",\"inLanguage\":\"es\",\"@id\":\"https:\/\/psico2.com\/es\/general\/vive-cada-dia-como-si-fuera-el-ultimo\/#primaryimage\",\"url\":\"https:\/\/psico2.com\/wp-content\/uploads\/2019\/02\/650_1475523195SteveJobsBook.jpg\",\"contentUrl\":\"https:\/\/psico2.com\/wp-content\/uploads\/2019\/02\/650_1475523195SteveJobsBook.jpg\",\"width\":650,\"height\":358,\"caption\":\"Psico 2 - Blog - psicologia.jpg\"},{\"@type\":\"BreadcrumbList\",\"@id\":\"https:\/\/psico2.com\/es\/general\/vive-cada-dia-como-si-fuera-el-ultimo\/#breadcrumb\",\"itemListElement\":[{\"@type\":\"ListItem\",\"position\":1,\"name\":\"Inici\",\"item\":\"https:\/\/psico2.com\/es\/\"},{\"@type\":\"ListItem\",\"position\":2,\"name\":\"VIVE CADA D\u00cdA COMO SI FUERA EL \u00daLTIMO\"}]},{\"@type\":\"WebSite\",\"@id\":\"https:\/\/psico2.com\/es\/#website\",\"url\":\"https:\/\/psico2.com\/es\/\",\"name\":\"Psico2\",\"description\":\"Georgina Barcel\u00f3 i Alba Sabat\u00e9\",\"publisher\":{\"@id\":\"https:\/\/psico2.com\/es\/#organization\"},\"potentialAction\":[{\"@type\":\"SearchAction\",\"target\":{\"@type\":\"EntryPoint\",\"urlTemplate\":\"https:\/\/psico2.com\/es\/?s={search_term_string}\"},\"query-input\":{\"@type\":\"PropertyValueSpecification\",\"valueRequired\":true,\"valueName\":\"search_term_string\"}}],\"inLanguage\":\"es\"},{\"@type\":\"Organization\",\"@id\":\"https:\/\/psico2.com\/es\/#organization\",\"name\":\"Psico2\",\"url\":\"https:\/\/psico2.com\/es\/\",\"logo\":{\"@type\":\"ImageObject\",\"inLanguage\":\"es\",\"@id\":\"https:\/\/psico2.com\/es\/#\/schema\/logo\/image\/\",\"url\":\"https:\/\/psico2.com\/wp-content\/uploads\/2019\/01\/logo.png\",\"contentUrl\":\"https:\/\/psico2.com\/wp-content\/uploads\/2019\/01\/logo.png\",\"width\":512,\"height\":512,\"caption\":\"Psico2\"},\"image\":{\"@id\":\"https:\/\/psico2.com\/es\/#\/schema\/logo\/image\/\"},\"sameAs\":[\"https:\/\/www.facebook.com\/psico2psicologiaipsicopedagogia\/\",\"https:\/\/www.instagram.com\/psico2.georginaialba\/\",\"https:\/\/www.linkedin.com\/company\/psico2-psicologia-i-psicopedagogia\/about\/\"]},{\"@type\":\"Person\",\"@id\":\"https:\/\/psico2.com\/es\/#\/schema\/person\/1adca29b90d0c1275a11ae26817e57e0\",\"name\":\"Alba Sabat\u00e9 Olius\",\"image\":{\"@type\":\"ImageObject\",\"inLanguage\":\"es\",\"@id\":\"https:\/\/psico2.com\/es\/#\/schema\/person\/image\/\",\"url\":\"https:\/\/secure.gravatar.com\/avatar\/17c054605ea350ae11a4c365b97377969e210b7c25fbf556b93deaebabc28387?s=96&d=mm&r=g\",\"contentUrl\":\"https:\/\/secure.gravatar.com\/avatar\/17c054605ea350ae11a4c365b97377969e210b7c25fbf556b93deaebabc28387?s=96&d=mm&r=g\",\"caption\":\"Alba Sabat\u00e9 Olius\"}}]}<\/script>\n<!-- \/ Yoast SEO plugin. -->","yoast_head_json":{"title":"VIVE CADA D\u00cdA COMO SI FUERA EL \u00daLTIMO | Psico2 | Georgina Barcel\u00f3 i Alba Sabat\u00e9","description":"Esta frase hay que decir que no es nuestra, la dijo Steve Jobs en uno de sus \u00faltimos discursos en la Universidad de Standford. Despu\u00e9s de leer el art\u00edculo","robots":{"index":"index","follow":"follow","max-snippet":"max-snippet:-1","max-image-preview":"max-image-preview:large","max-video-preview":"max-video-preview:-1"},"canonical":"https:\/\/psico2.com\/es\/general\/vive-cada-dia-como-si-fuera-el-ultimo\/","og_locale":"es_ES","og_type":"article","og_title":"VIVE CADA D\u00cdA COMO SI FUERA EL \u00daLTIMO | Psico2 | Georgina Barcel\u00f3 i Alba Sabat\u00e9","og_description":"Esta frase hay que decir que no es nuestra, la dijo Steve Jobs en uno de sus \u00faltimos discursos en la Universidad de Standford. Despu\u00e9s de leer el art\u00edculo","og_url":"https:\/\/psico2.com\/es\/general\/vive-cada-dia-como-si-fuera-el-ultimo\/","og_site_name":"Psico2","article_publisher":"https:\/\/www.facebook.com\/psico2psicologiaipsicopedagogia\/","article_published_time":"2016-10-07T14:26:15+00:00","article_modified_time":"2019-03-29T14:52:09+00:00","og_image":[{"width":650,"height":358,"url":"https:\/\/psico2.com\/wp-content\/uploads\/2019\/02\/650_1475523195SteveJobsBook.jpg","type":"image\/jpeg"}],"author":"Alba Sabat\u00e9 Olius","twitter_card":"summary_large_image","twitter_misc":{"Escrito por":"Alba Sabat\u00e9 Olius","Tiempo de lectura":"1 minuto"},"schema":{"@context":"https:\/\/schema.org","@graph":[{"@type":"Article","@id":"https:\/\/psico2.com\/es\/general\/vive-cada-dia-como-si-fuera-el-ultimo\/#article","isPartOf":{"@id":"https:\/\/psico2.com\/es\/general\/vive-cada-dia-como-si-fuera-el-ultimo\/"},"author":{"name":"Alba Sabat\u00e9 Olius","@id":"https:\/\/psico2.com\/es\/#\/schema\/person\/1adca29b90d0c1275a11ae26817e57e0"},"headline":"VIVE CADA D\u00cdA COMO SI FUERA EL \u00daLTIMO","datePublished":"2016-10-07T14:26:15+00:00","dateModified":"2019-03-29T14:52:09+00:00","mainEntityOfPage":{"@id":"https:\/\/psico2.com\/es\/general\/vive-cada-dia-como-si-fuera-el-ultimo\/"},"wordCount":120,"publisher":{"@id":"https:\/\/psico2.com\/es\/#organization"},"image":{"@id":"https:\/\/psico2.com\/es\/general\/vive-cada-dia-como-si-fuera-el-ultimo\/#primaryimage"},"thumbnailUrl":"https:\/\/psico2.com\/wp-content\/uploads\/2019\/02\/650_1475523195SteveJobsBook.jpg","keywords":["emociones","muerte","crecimiento personal"],"articleSection":["Terapia adultos","Mindfulness","General"],"inLanguage":"es"},{"@type":"WebPage","@id":"https:\/\/psico2.com\/es\/general\/vive-cada-dia-como-si-fuera-el-ultimo\/","url":"https:\/\/psico2.com\/es\/general\/vive-cada-dia-como-si-fuera-el-ultimo\/","name":"VIVE CADA D\u00cdA COMO SI FUERA EL \u00daLTIMO | Psico2 | Georgina Barcel\u00f3 i Alba Sabat\u00e9","isPartOf":{"@id":"https:\/\/psico2.com\/es\/#website"},"primaryImageOfPage":{"@id":"https:\/\/psico2.com\/es\/general\/vive-cada-dia-como-si-fuera-el-ultimo\/#primaryimage"},"image":{"@id":"https:\/\/psico2.com\/es\/general\/vive-cada-dia-como-si-fuera-el-ultimo\/#primaryimage"},"thumbnailUrl":"https:\/\/psico2.com\/wp-content\/uploads\/2019\/02\/650_1475523195SteveJobsBook.jpg","datePublished":"2016-10-07T14:26:15+00:00","dateModified":"2019-03-29T14:52:09+00:00","description":"Esta frase hay que decir que no es nuestra, la dijo Steve Jobs en uno de sus \u00faltimos discursos en la Universidad de Standford. Despu\u00e9s de leer el art\u00edculo","breadcrumb":{"@id":"https:\/\/psico2.com\/es\/general\/vive-cada-dia-como-si-fuera-el-ultimo\/#breadcrumb"},"inLanguage":"es","potentialAction":[{"@type":"ReadAction","target":["https:\/\/psico2.com\/es\/general\/vive-cada-dia-como-si-fuera-el-ultimo\/"]}]},{"@type":"ImageObject","inLanguage":"es","@id":"https:\/\/psico2.com\/es\/general\/vive-cada-dia-como-si-fuera-el-ultimo\/#primaryimage","url":"https:\/\/psico2.com\/wp-content\/uploads\/2019\/02\/650_1475523195SteveJobsBook.jpg","contentUrl":"https:\/\/psico2.com\/wp-content\/uploads\/2019\/02\/650_1475523195SteveJobsBook.jpg","width":650,"height":358,"caption":"Psico 2 - Blog - psicologia.jpg"},{"@type":"BreadcrumbList","@id":"https:\/\/psico2.com\/es\/general\/vive-cada-dia-como-si-fuera-el-ultimo\/#breadcrumb","itemListElement":[{"@type":"ListItem","position":1,"name":"Inici","item":"https:\/\/psico2.com\/es\/"},{"@type":"ListItem","position":2,"name":"VIVE CADA D\u00cdA COMO SI FUERA EL \u00daLTIMO"}]},{"@type":"WebSite","@id":"https:\/\/psico2.com\/es\/#website","url":"https:\/\/psico2.com\/es\/","name":"Psico2","description":"Georgina Barcel\u00f3 i Alba Sabat\u00e9","publisher":{"@id":"https:\/\/psico2.com\/es\/#organization"},"potentialAction":[{"@type":"SearchAction","target":{"@type":"EntryPoint","urlTemplate":"https:\/\/psico2.com\/es\/?s={search_term_string}"},"query-input":{"@type":"PropertyValueSpecification","valueRequired":true,"valueName":"search_term_string"}}],"inLanguage":"es"},{"@type":"Organization","@id":"https:\/\/psico2.com\/es\/#organization","name":"Psico2","url":"https:\/\/psico2.com\/es\/","logo":{"@type":"ImageObject","inLanguage":"es","@id":"https:\/\/psico2.com\/es\/#\/schema\/logo\/image\/","url":"https:\/\/psico2.com\/wp-content\/uploads\/2019\/01\/logo.png","contentUrl":"https:\/\/psico2.com\/wp-content\/uploads\/2019\/01\/logo.png","width":512,"height":512,"caption":"Psico2"},"image":{"@id":"https:\/\/psico2.com\/es\/#\/schema\/logo\/image\/"},"sameAs":["https:\/\/www.facebook.com\/psico2psicologiaipsicopedagogia\/","https:\/\/www.instagram.com\/psico2.georginaialba\/","https:\/\/www.linkedin.com\/company\/psico2-psicologia-i-psicopedagogia\/about\/"]},{"@type":"Person","@id":"https:\/\/psico2.com\/es\/#\/schema\/person\/1adca29b90d0c1275a11ae26817e57e0","name":"Alba Sabat\u00e9 Olius","image":{"@type":"ImageObject","inLanguage":"es","@id":"https:\/\/psico2.com\/es\/#\/schema\/person\/image\/","url":"https:\/\/secure.gravatar.com\/avatar\/17c054605ea350ae11a4c365b97377969e210b7c25fbf556b93deaebabc28387?s=96&d=mm&r=g","contentUrl":"https:\/\/secure.gravatar.com\/avatar\/17c054605ea350ae11a4c365b97377969e210b7c25fbf556b93deaebabc28387?s=96&d=mm&r=g","caption":"Alba Sabat\u00e9 Olius"}}]}},"_links":{"self":[{"href":"https:\/\/psico2.com\/es\/wp-json\/wp\/v2\/posts\/724","targetHints":{"allow":["GET"]}}],"collection":[{"href":"https:\/\/psico2.com\/es\/wp-json\/wp\/v2\/posts"}],"about":[{"href":"https:\/\/psico2.com\/es\/wp-json\/wp\/v2\/types\/post"}],"author":[{"embeddable":true,"href":"https:\/\/psico2.com\/es\/wp-json\/wp\/v2\/users\/4"}],"replies":[{"embeddable":true,"href":"https:\/\/psico2.com\/es\/wp-json\/wp\/v2\/comments?post=724"}],"version-history":[{"count":1,"href":"https:\/\/psico2.com\/es\/wp-json\/wp\/v2\/posts\/724\/revisions"}],"predecessor-version":[{"id":1020,"href":"https:\/\/psico2.com\/es\/wp-json\/wp\/v2\/posts\/724\/revisions\/1020"}],"wp:featuredmedia":[{"embeddable":true,"href":"https:\/\/psico2.com\/es\/wp-json\/wp\/v2\/media\/273"}],"wp:attachment":[{"href":"https:\/\/psico2.com\/es\/wp-json\/wp\/v2\/media?parent=724"}],"wp:term":[{"taxonomy":"category","embeddable":true,"href":"https:\/\/psico2.com\/es\/wp-json\/wp\/v2\/categories?post=724"},{"taxonomy":"post_tag","embeddable":true,"href":"https:\/\/psico2.com\/es\/wp-json\/wp\/v2\/tags?post=724"}],"curies":[{"name":"wp","href":"https:\/\/api.w.org\/{rel}","templated":true}]}}