{"id":725,"date":"2016-10-14T14:26:15","date_gmt":"2016-10-14T14:26:15","guid":{"rendered":"https:\/\/psico2.com\/general\/papa-mama-me-cuesta-mucho\/"},"modified":"2019-03-29T14:51:43","modified_gmt":"2019-03-29T14:51:43","slug":"papa-mama-me-cuesta-mucho","status":"publish","type":"post","link":"https:\/\/psico2.com\/es\/general\/papa-mama-me-cuesta-mucho\/","title":{"rendered":"Papa, mama me cuesta mucho!"},"content":{"rendered":"<p style=\"text-align: justify;\">\u00bfPor qu\u00e9 mi hijo o hija tiene problemas con los estudios? Es una cuesti\u00f3n de aptitud o actitud? \u00bfPor qu\u00e9 no acaba de entender lo que lee? O por qu\u00e9 lee con menos fluidez que los ni\u00f1os de su clase?<\/p>\n<p style=\"text-align: justify;\">Estas dificultades pueden no ser tan extra\u00f1as como te parecen a priori, y es que se estima que entre el 5% y el 15% de la poblaci\u00f3n en edad escolar tiene alguna de estas dificultades. No es exagerado, por tanto, buscar \u00a0respuestas y soluciones a esta situaci\u00f3n.<\/p>\n<p style=\"text-align: justify;\">Partiendo de la base de que cada ni\u00f1o tiene su ritmo (la maduraci\u00f3n no es una matem\u00e1tica exacta), es bueno tener en cuenta la informaci\u00f3n que nos llega desde la escuela y la importancia que estos le dan. A veces es posible que, con un poco de estimulaci\u00f3n y ayuda, f\u00e1cilmente puedan llegar al nivel deseado por edad o curso escolar. En otros, sin embargo, no estamos ante problemas \u00fanicamente madurativos (no se trata de un retraso), sino que son dificultades persistentes en uno o varios tipos de aprendizajes. Son ni\u00f1os y ni\u00f1as con dificultades en la lectura y la escritura, la ortograf\u00eda, las matem\u00e1ticas o, incluso, con problemas atencionales, y que tienen unas aptitudes o una inteligencia dentro la normalidad, suficientes para que puedan aprender dentro de los par\u00e1metros est\u00e1ndares esperados. Es importante tener en cuenta que, aunque pueden ser dificultades muy espec\u00edficas, tambi\u00e9n pueden repercutir en otros aprendizajes.<\/p>\n<p style=\"text-align: justify;\">\u00bfQu\u00e9 podemos hacer en todos estos casos? M\u00e1s all\u00e1 de la etiqueta que le podemos dar o no dar, es importante definir cu\u00e1les son estas dificultades, en qu\u00e9 \u00e1reas se ven afectadas, ver tambi\u00e9n cu\u00e1les son sus puntos fuertes (para poder potenciar) y, con toda esta informaci\u00f3n buscar cu\u00e1l es la mejor soluci\u00f3n. Una buena evaluaci\u00f3n es la clave para una reeducaci\u00f3n eficaz, al igual que una atenci\u00f3n precoz es fundamental para un mejor pron\u00f3stico y para evitar consecuencias secundarias al problema (baja autoestima o fracaso escolar son de las m\u00e1s comunes).<\/p>\n<p style=\"text-align: justify;\">La dislexia, la disortograf\u00eda, la discalculia y el TDAH entre otros, son trastornos del aprendizaje que tienen una base neurobiol\u00f3gica y, a menudo, con un componente gen\u00e9tico. A pesar de su cronicidad, un buen tratamiento puede conseguir que mejore su rendimiento y aumenten sus propios recursos. Un abordaje global ser\u00e1 la clave para tener en cuenta tanto las necesidades pedag\u00f3gicas como las emocionales que intervienen en el proceso de aprendizaje.<\/p>\n","protected":false},"excerpt":{"rendered":"<p>\u00bfPor qu\u00e9 mi hijo o hija tiene problemas con los estudios? Es una cuesti\u00f3n de aptitud o actitud? \u00bfPor qu\u00e9 no acaba de entender lo que lee? O por qu\u00e9 lee con menos fluidez que los ni\u00f1os de su clase? Estas dificultades pueden no ser tan extra\u00f1as como te parecen a priori, y es que [&hellip;]<\/p>\n","protected":false},"author":5,"featured_media":276,"comment_status":"closed","ping_status":"closed","sticky":false,"template":"","format":"standard","meta":{"footnotes":""},"categories":[213,187,5],"tags":[210,206,203],"class_list":["post-725","post","type-post","status-publish","format-standard","has-post-thumbnail","hentry","category-dificultades-de-aprendizaje","category-terapia-infantil-es","category-general","tag-miedos","tag-emociones","tag-inseguridad"],"yoast_head":"<!-- This site is optimized with the Yoast SEO plugin v27.1.1 - https:\/\/yoast.com\/product\/yoast-seo-wordpress\/ -->\n<title>Papa, mama me cuesta mucho! | Psico2 | Georgina Barcel\u00f3 i Alba Sabat\u00e9<\/title>\n<meta name=\"description\" content=\"\u00bfPor qu\u00e9 mi hijo o hija tiene problemas con los estudios? Es una cuesti\u00f3n de aptitud o actitud? \u00bfPor qu\u00e9 no acaba de entender lo que lee? O por qu\u00e9 lee\" \/>\n<meta name=\"robots\" content=\"index, follow, max-snippet:-1, max-image-preview:large, max-video-preview:-1\" \/>\n<link rel=\"canonical\" href=\"https:\/\/psico2.com\/es\/general\/papa-mama-me-cuesta-mucho\/\" \/>\n<meta property=\"og:locale\" content=\"es_ES\" \/>\n<meta property=\"og:type\" content=\"article\" \/>\n<meta property=\"og:title\" content=\"Papa, mama me cuesta mucho! | Psico2 | Georgina Barcel\u00f3 i Alba Sabat\u00e9\" \/>\n<meta property=\"og:description\" content=\"\u00bfPor qu\u00e9 mi hijo o hija tiene problemas con los estudios? Es una cuesti\u00f3n de aptitud o actitud? \u00bfPor qu\u00e9 no acaba de entender lo que lee? O por qu\u00e9 lee\" \/>\n<meta property=\"og:url\" content=\"https:\/\/psico2.com\/es\/general\/papa-mama-me-cuesta-mucho\/\" \/>\n<meta property=\"og:site_name\" content=\"Psico2\" \/>\n<meta property=\"article:publisher\" content=\"https:\/\/www.facebook.com\/psico2psicologiaipsicopedagogia\/\" \/>\n<meta property=\"article:published_time\" content=\"2016-10-14T14:26:15+00:00\" \/>\n<meta property=\"article:modified_time\" content=\"2019-03-29T14:51:43+00:00\" \/>\n<meta property=\"og:image\" content=\"https:\/\/psico2.com\/wp-content\/uploads\/2019\/02\/papa-mama-no-men-surto.jpg\" \/>\n\t<meta property=\"og:image:width\" content=\"403\" \/>\n\t<meta property=\"og:image:height\" content=\"180\" \/>\n\t<meta property=\"og:image:type\" content=\"image\/jpeg\" \/>\n<meta name=\"author\" content=\"Georgina Barcel\u00f3\" \/>\n<meta name=\"twitter:card\" content=\"summary_large_image\" \/>\n<meta name=\"twitter:label1\" content=\"Escrito por\" \/>\n\t<meta name=\"twitter:data1\" content=\"Georgina Barcel\u00f3\" \/>\n\t<meta name=\"twitter:label2\" content=\"Tiempo de lectura\" \/>\n\t<meta name=\"twitter:data2\" content=\"2 minutos\" \/>\n<script type=\"application\/ld+json\" class=\"yoast-schema-graph\">{\"@context\":\"https:\/\/schema.org\",\"@graph\":[{\"@type\":\"Article\",\"@id\":\"https:\/\/psico2.com\/es\/general\/papa-mama-me-cuesta-mucho\/#article\",\"isPartOf\":{\"@id\":\"https:\/\/psico2.com\/es\/general\/papa-mama-me-cuesta-mucho\/\"},\"author\":{\"name\":\"Georgina Barcel\u00f3\",\"@id\":\"https:\/\/psico2.com\/es\/#\/schema\/person\/04c5c630b78e0a5aa0cd8fb06f710355\"},\"headline\":\"Papa, mama me cuesta mucho!\",\"datePublished\":\"2016-10-14T14:26:15+00:00\",\"dateModified\":\"2019-03-29T14:51:43+00:00\",\"mainEntityOfPage\":{\"@id\":\"https:\/\/psico2.com\/es\/general\/papa-mama-me-cuesta-mucho\/\"},\"wordCount\":437,\"publisher\":{\"@id\":\"https:\/\/psico2.com\/es\/#organization\"},\"image\":{\"@id\":\"https:\/\/psico2.com\/es\/general\/papa-mama-me-cuesta-mucho\/#primaryimage\"},\"thumbnailUrl\":\"https:\/\/psico2.com\/wp-content\/uploads\/2019\/02\/papa-mama-no-men-surto.jpg\",\"keywords\":[\"miedos\",\"emociones\",\"inseguridad\"],\"articleSection\":[\"Dificultades de aprendizaje\",\"Terapia infantil\",\"General\"],\"inLanguage\":\"es\"},{\"@type\":\"WebPage\",\"@id\":\"https:\/\/psico2.com\/es\/general\/papa-mama-me-cuesta-mucho\/\",\"url\":\"https:\/\/psico2.com\/es\/general\/papa-mama-me-cuesta-mucho\/\",\"name\":\"Papa, mama me cuesta mucho! | Psico2 | Georgina Barcel\u00f3 i Alba Sabat\u00e9\",\"isPartOf\":{\"@id\":\"https:\/\/psico2.com\/es\/#website\"},\"primaryImageOfPage\":{\"@id\":\"https:\/\/psico2.com\/es\/general\/papa-mama-me-cuesta-mucho\/#primaryimage\"},\"image\":{\"@id\":\"https:\/\/psico2.com\/es\/general\/papa-mama-me-cuesta-mucho\/#primaryimage\"},\"thumbnailUrl\":\"https:\/\/psico2.com\/wp-content\/uploads\/2019\/02\/papa-mama-no-men-surto.jpg\",\"datePublished\":\"2016-10-14T14:26:15+00:00\",\"dateModified\":\"2019-03-29T14:51:43+00:00\",\"description\":\"\u00bfPor qu\u00e9 mi hijo o hija tiene problemas con los estudios? Es una cuesti\u00f3n de aptitud o actitud? \u00bfPor qu\u00e9 no acaba de entender lo que lee? O por qu\u00e9 lee\",\"breadcrumb\":{\"@id\":\"https:\/\/psico2.com\/es\/general\/papa-mama-me-cuesta-mucho\/#breadcrumb\"},\"inLanguage\":\"es\",\"potentialAction\":[{\"@type\":\"ReadAction\",\"target\":[\"https:\/\/psico2.com\/es\/general\/papa-mama-me-cuesta-mucho\/\"]}]},{\"@type\":\"ImageObject\",\"inLanguage\":\"es\",\"@id\":\"https:\/\/psico2.com\/es\/general\/papa-mama-me-cuesta-mucho\/#primaryimage\",\"url\":\"https:\/\/psico2.com\/wp-content\/uploads\/2019\/02\/papa-mama-no-men-surto.jpg\",\"contentUrl\":\"https:\/\/psico2.com\/wp-content\/uploads\/2019\/02\/papa-mama-no-men-surto.jpg\",\"width\":403,\"height\":180,\"caption\":\"Psico 2 - Blog - dificultades escolares.jpg\"},{\"@type\":\"BreadcrumbList\",\"@id\":\"https:\/\/psico2.com\/es\/general\/papa-mama-me-cuesta-mucho\/#breadcrumb\",\"itemListElement\":[{\"@type\":\"ListItem\",\"position\":1,\"name\":\"Inici\",\"item\":\"https:\/\/psico2.com\/es\/\"},{\"@type\":\"ListItem\",\"position\":2,\"name\":\"Papa, mama me cuesta mucho!\"}]},{\"@type\":\"WebSite\",\"@id\":\"https:\/\/psico2.com\/es\/#website\",\"url\":\"https:\/\/psico2.com\/es\/\",\"name\":\"Psico2\",\"description\":\"Georgina Barcel\u00f3 i Alba Sabat\u00e9\",\"publisher\":{\"@id\":\"https:\/\/psico2.com\/es\/#organization\"},\"potentialAction\":[{\"@type\":\"SearchAction\",\"target\":{\"@type\":\"EntryPoint\",\"urlTemplate\":\"https:\/\/psico2.com\/es\/?s={search_term_string}\"},\"query-input\":{\"@type\":\"PropertyValueSpecification\",\"valueRequired\":true,\"valueName\":\"search_term_string\"}}],\"inLanguage\":\"es\"},{\"@type\":\"Organization\",\"@id\":\"https:\/\/psico2.com\/es\/#organization\",\"name\":\"Psico2\",\"url\":\"https:\/\/psico2.com\/es\/\",\"logo\":{\"@type\":\"ImageObject\",\"inLanguage\":\"es\",\"@id\":\"https:\/\/psico2.com\/es\/#\/schema\/logo\/image\/\",\"url\":\"https:\/\/psico2.com\/wp-content\/uploads\/2019\/01\/logo.png\",\"contentUrl\":\"https:\/\/psico2.com\/wp-content\/uploads\/2019\/01\/logo.png\",\"width\":512,\"height\":512,\"caption\":\"Psico2\"},\"image\":{\"@id\":\"https:\/\/psico2.com\/es\/#\/schema\/logo\/image\/\"},\"sameAs\":[\"https:\/\/www.facebook.com\/psico2psicologiaipsicopedagogia\/\",\"https:\/\/www.instagram.com\/psico2.georginaialba\/\",\"https:\/\/www.linkedin.com\/company\/psico2-psicologia-i-psicopedagogia\/about\/\"]},{\"@type\":\"Person\",\"@id\":\"https:\/\/psico2.com\/es\/#\/schema\/person\/04c5c630b78e0a5aa0cd8fb06f710355\",\"name\":\"Georgina Barcel\u00f3\",\"image\":{\"@type\":\"ImageObject\",\"inLanguage\":\"es\",\"@id\":\"https:\/\/psico2.com\/es\/#\/schema\/person\/image\/\",\"url\":\"https:\/\/secure.gravatar.com\/avatar\/f0e35fb2cd794feefeabfb4055b153e7312015d7fc9d940039c1bffc1a595c7a?s=96&d=mm&r=g\",\"contentUrl\":\"https:\/\/secure.gravatar.com\/avatar\/f0e35fb2cd794feefeabfb4055b153e7312015d7fc9d940039c1bffc1a595c7a?s=96&d=mm&r=g\",\"caption\":\"Georgina Barcel\u00f3\"}}]}<\/script>\n<!-- \/ Yoast SEO plugin. -->","yoast_head_json":{"title":"Papa, mama me cuesta mucho! | Psico2 | Georgina Barcel\u00f3 i Alba Sabat\u00e9","description":"\u00bfPor qu\u00e9 mi hijo o hija tiene problemas con los estudios? Es una cuesti\u00f3n de aptitud o actitud? \u00bfPor qu\u00e9 no acaba de entender lo que lee? O por qu\u00e9 lee","robots":{"index":"index","follow":"follow","max-snippet":"max-snippet:-1","max-image-preview":"max-image-preview:large","max-video-preview":"max-video-preview:-1"},"canonical":"https:\/\/psico2.com\/es\/general\/papa-mama-me-cuesta-mucho\/","og_locale":"es_ES","og_type":"article","og_title":"Papa, mama me cuesta mucho! | Psico2 | Georgina Barcel\u00f3 i Alba Sabat\u00e9","og_description":"\u00bfPor qu\u00e9 mi hijo o hija tiene problemas con los estudios? Es una cuesti\u00f3n de aptitud o actitud? \u00bfPor qu\u00e9 no acaba de entender lo que lee? O por qu\u00e9 lee","og_url":"https:\/\/psico2.com\/es\/general\/papa-mama-me-cuesta-mucho\/","og_site_name":"Psico2","article_publisher":"https:\/\/www.facebook.com\/psico2psicologiaipsicopedagogia\/","article_published_time":"2016-10-14T14:26:15+00:00","article_modified_time":"2019-03-29T14:51:43+00:00","og_image":[{"width":403,"height":180,"url":"https:\/\/psico2.com\/wp-content\/uploads\/2019\/02\/papa-mama-no-men-surto.jpg","type":"image\/jpeg"}],"author":"Georgina Barcel\u00f3","twitter_card":"summary_large_image","twitter_misc":{"Escrito por":"Georgina Barcel\u00f3","Tiempo de lectura":"2 minutos"},"schema":{"@context":"https:\/\/schema.org","@graph":[{"@type":"Article","@id":"https:\/\/psico2.com\/es\/general\/papa-mama-me-cuesta-mucho\/#article","isPartOf":{"@id":"https:\/\/psico2.com\/es\/general\/papa-mama-me-cuesta-mucho\/"},"author":{"name":"Georgina Barcel\u00f3","@id":"https:\/\/psico2.com\/es\/#\/schema\/person\/04c5c630b78e0a5aa0cd8fb06f710355"},"headline":"Papa, mama me cuesta mucho!","datePublished":"2016-10-14T14:26:15+00:00","dateModified":"2019-03-29T14:51:43+00:00","mainEntityOfPage":{"@id":"https:\/\/psico2.com\/es\/general\/papa-mama-me-cuesta-mucho\/"},"wordCount":437,"publisher":{"@id":"https:\/\/psico2.com\/es\/#organization"},"image":{"@id":"https:\/\/psico2.com\/es\/general\/papa-mama-me-cuesta-mucho\/#primaryimage"},"thumbnailUrl":"https:\/\/psico2.com\/wp-content\/uploads\/2019\/02\/papa-mama-no-men-surto.jpg","keywords":["miedos","emociones","inseguridad"],"articleSection":["Dificultades de aprendizaje","Terapia infantil","General"],"inLanguage":"es"},{"@type":"WebPage","@id":"https:\/\/psico2.com\/es\/general\/papa-mama-me-cuesta-mucho\/","url":"https:\/\/psico2.com\/es\/general\/papa-mama-me-cuesta-mucho\/","name":"Papa, mama me cuesta mucho! | Psico2 | Georgina Barcel\u00f3 i Alba Sabat\u00e9","isPartOf":{"@id":"https:\/\/psico2.com\/es\/#website"},"primaryImageOfPage":{"@id":"https:\/\/psico2.com\/es\/general\/papa-mama-me-cuesta-mucho\/#primaryimage"},"image":{"@id":"https:\/\/psico2.com\/es\/general\/papa-mama-me-cuesta-mucho\/#primaryimage"},"thumbnailUrl":"https:\/\/psico2.com\/wp-content\/uploads\/2019\/02\/papa-mama-no-men-surto.jpg","datePublished":"2016-10-14T14:26:15+00:00","dateModified":"2019-03-29T14:51:43+00:00","description":"\u00bfPor qu\u00e9 mi hijo o hija tiene problemas con los estudios? Es una cuesti\u00f3n de aptitud o actitud? \u00bfPor qu\u00e9 no acaba de entender lo que lee? O por qu\u00e9 lee","breadcrumb":{"@id":"https:\/\/psico2.com\/es\/general\/papa-mama-me-cuesta-mucho\/#breadcrumb"},"inLanguage":"es","potentialAction":[{"@type":"ReadAction","target":["https:\/\/psico2.com\/es\/general\/papa-mama-me-cuesta-mucho\/"]}]},{"@type":"ImageObject","inLanguage":"es","@id":"https:\/\/psico2.com\/es\/general\/papa-mama-me-cuesta-mucho\/#primaryimage","url":"https:\/\/psico2.com\/wp-content\/uploads\/2019\/02\/papa-mama-no-men-surto.jpg","contentUrl":"https:\/\/psico2.com\/wp-content\/uploads\/2019\/02\/papa-mama-no-men-surto.jpg","width":403,"height":180,"caption":"Psico 2 - Blog - dificultades escolares.jpg"},{"@type":"BreadcrumbList","@id":"https:\/\/psico2.com\/es\/general\/papa-mama-me-cuesta-mucho\/#breadcrumb","itemListElement":[{"@type":"ListItem","position":1,"name":"Inici","item":"https:\/\/psico2.com\/es\/"},{"@type":"ListItem","position":2,"name":"Papa, mama me cuesta mucho!"}]},{"@type":"WebSite","@id":"https:\/\/psico2.com\/es\/#website","url":"https:\/\/psico2.com\/es\/","name":"Psico2","description":"Georgina Barcel\u00f3 i Alba Sabat\u00e9","publisher":{"@id":"https:\/\/psico2.com\/es\/#organization"},"potentialAction":[{"@type":"SearchAction","target":{"@type":"EntryPoint","urlTemplate":"https:\/\/psico2.com\/es\/?s={search_term_string}"},"query-input":{"@type":"PropertyValueSpecification","valueRequired":true,"valueName":"search_term_string"}}],"inLanguage":"es"},{"@type":"Organization","@id":"https:\/\/psico2.com\/es\/#organization","name":"Psico2","url":"https:\/\/psico2.com\/es\/","logo":{"@type":"ImageObject","inLanguage":"es","@id":"https:\/\/psico2.com\/es\/#\/schema\/logo\/image\/","url":"https:\/\/psico2.com\/wp-content\/uploads\/2019\/01\/logo.png","contentUrl":"https:\/\/psico2.com\/wp-content\/uploads\/2019\/01\/logo.png","width":512,"height":512,"caption":"Psico2"},"image":{"@id":"https:\/\/psico2.com\/es\/#\/schema\/logo\/image\/"},"sameAs":["https:\/\/www.facebook.com\/psico2psicologiaipsicopedagogia\/","https:\/\/www.instagram.com\/psico2.georginaialba\/","https:\/\/www.linkedin.com\/company\/psico2-psicologia-i-psicopedagogia\/about\/"]},{"@type":"Person","@id":"https:\/\/psico2.com\/es\/#\/schema\/person\/04c5c630b78e0a5aa0cd8fb06f710355","name":"Georgina Barcel\u00f3","image":{"@type":"ImageObject","inLanguage":"es","@id":"https:\/\/psico2.com\/es\/#\/schema\/person\/image\/","url":"https:\/\/secure.gravatar.com\/avatar\/f0e35fb2cd794feefeabfb4055b153e7312015d7fc9d940039c1bffc1a595c7a?s=96&d=mm&r=g","contentUrl":"https:\/\/secure.gravatar.com\/avatar\/f0e35fb2cd794feefeabfb4055b153e7312015d7fc9d940039c1bffc1a595c7a?s=96&d=mm&r=g","caption":"Georgina Barcel\u00f3"}}]}},"_links":{"self":[{"href":"https:\/\/psico2.com\/es\/wp-json\/wp\/v2\/posts\/725","targetHints":{"allow":["GET"]}}],"collection":[{"href":"https:\/\/psico2.com\/es\/wp-json\/wp\/v2\/posts"}],"about":[{"href":"https:\/\/psico2.com\/es\/wp-json\/wp\/v2\/types\/post"}],"author":[{"embeddable":true,"href":"https:\/\/psico2.com\/es\/wp-json\/wp\/v2\/users\/5"}],"replies":[{"embeddable":true,"href":"https:\/\/psico2.com\/es\/wp-json\/wp\/v2\/comments?post=725"}],"version-history":[{"count":1,"href":"https:\/\/psico2.com\/es\/wp-json\/wp\/v2\/posts\/725\/revisions"}],"predecessor-version":[{"id":1021,"href":"https:\/\/psico2.com\/es\/wp-json\/wp\/v2\/posts\/725\/revisions\/1021"}],"wp:featuredmedia":[{"embeddable":true,"href":"https:\/\/psico2.com\/es\/wp-json\/wp\/v2\/media\/276"}],"wp:attachment":[{"href":"https:\/\/psico2.com\/es\/wp-json\/wp\/v2\/media?parent=725"}],"wp:term":[{"taxonomy":"category","embeddable":true,"href":"https:\/\/psico2.com\/es\/wp-json\/wp\/v2\/categories?post=725"},{"taxonomy":"post_tag","embeddable":true,"href":"https:\/\/psico2.com\/es\/wp-json\/wp\/v2\/tags?post=725"}],"curies":[{"name":"wp","href":"https:\/\/api.w.org\/{rel}","templated":true}]}}