{"id":727,"date":"2017-01-18T14:26:15","date_gmt":"2017-01-18T14:26:15","guid":{"rendered":"https:\/\/psico2.com\/general\/salir-de-la-zona-de-confort\/"},"modified":"2019-03-29T14:50:40","modified_gmt":"2019-03-29T14:50:40","slug":"salir-de-la-zona-de-confort","status":"publish","type":"post","link":"https:\/\/psico2.com\/es\/general\/salir-de-la-zona-de-confort\/","title":{"rendered":"SALIR DE LA ZONA DE CONFORT"},"content":{"rendered":"<p id=\"tw-target-text\" class=\"tw-data-text tw-ta tw-text-small\" dir=\"ltr\" data-placeholder=\"Traducci\u00f3\"><span lang=\"es\">Salir de la zona de confort &#8230; \u00bfCu\u00e1ntas veces en el \u00faltimo a\u00f1o hemos escuchado esta expresi\u00f3n? Y es que est\u00e1 muy de moda recomendar a todo el mundo que experimente, que no se quede estancado, que afronte sus miedos y se tire a conseguir lo que desea! <\/span><\/p>\n<p class=\"tw-data-text tw-ta tw-text-small\" dir=\"ltr\" data-placeholder=\"Traducci\u00f3\"><span lang=\"es\">Y lo que yo me cuestiono es: \u00bfsabemos donde queremos ir? \u00bfSabemos que si salimos de la zona de confort conseguiremos ese bienestar tan esperado? \u00bfNos hemos planteado si es necesario salir o ver qu\u00e9 pasa en nuestra vida que hace que no nos sintamos a gusto? <\/span><\/p>\n<p class=\"tw-data-text tw-ta tw-text-small\" dir=\"ltr\" data-placeholder=\"Traducci\u00f3\"><span lang=\"es\">Claro que salir de all\u00ed donde no estamos bien ser\u00e1 vital para nosotros y tendremos que vencer todo tipo de miedos y soltar el control tan deseado para poder lograrlo, pero tambi\u00e9n no me negar\u00e9is que muchas veces no es una cuesti\u00f3n de salir y punto, es bueno saber donde vamos y si lo que hacemos le dar\u00e1 significado a nuestra vida. Saber qui\u00e9nes somos, qu\u00e9 queremos y hacia d\u00f3nde queremos dirigir nuestros esfuerzos es mucho m\u00e1s importante que simplemente salir venciendo el miedo. <\/span><\/p>\n<p class=\"tw-data-text tw-ta tw-text-small\" dir=\"ltr\" data-placeholder=\"Traducci\u00f3\"><span lang=\"es\">Cuando la persona sabe d\u00f3nde va, se siente m\u00e1s segura; cuando sabe con lo que cuenta dentro de la bolsa para hacerle frente, se siente m\u00e1s capaz; cuando suelta aquellas herramientas de la bolsa que hasta ahora hab\u00edan sido \u00fatiles y ahora ya no lo son, se siente m\u00e1s ligero; cuando reconoce lo que le gusta de s\u00ed mismo y aquellas cosas que le confrontan, se valora, se quiere y tiene m\u00e1s tolerancia ante el error. <\/span><\/p>\n<p class=\"tw-data-text tw-ta tw-text-small\" dir=\"ltr\" data-placeholder=\"Traducci\u00f3\"><span lang=\"es\">Todo esto y muchas cosas m\u00e1s son las que des de Psico2 os alentamos a trabajar antes de tiraros a la psicina y salir de vuestra zona de confort. Quiz\u00e1 despu\u00e9s de todo este trabajo llegues a la conclusi\u00f3n de que tu malestar no es cuesti\u00f3n de valent\u00eda. O quiz\u00e1s s\u00ed y entonces te sentir\u00e1s mucho m\u00e1s capaz de explorar, experimentar y afrontar tus miedos. <\/span><\/p>\n<p class=\"tw-data-text tw-ta tw-text-small\" dir=\"ltr\" data-placeholder=\"Traducci\u00f3\"><span lang=\"es\">De momento os dejamos unas preguntas para la reflexi\u00f3n, esperamos que os sean de ayuda:<\/span><\/p>\n<p class=\"tw-data-text tw-ta tw-text-small\" dir=\"ltr\" data-placeholder=\"Traducci\u00f3\"><span lang=\"es\">1. Sientes que tu vida es tal y como la so\u00f1abas?<\/span><\/p>\n<p class=\"tw-data-text tw-ta tw-text-small\" dir=\"ltr\" data-placeholder=\"Traducci\u00f3\"><span lang=\"es\">2. Te gusta tu d\u00eda a d\u00eda? <\/span><\/p>\n<p class=\"tw-data-text tw-ta tw-text-small\" dir=\"ltr\" data-placeholder=\"Traducci\u00f3\"><span lang=\"es\">3. Tu entorno es favorable para poder seguir adelante? <\/span><\/p>\n<p class=\"tw-data-text tw-ta tw-text-small\" dir=\"ltr\" data-placeholder=\"Traducci\u00f3\"><span lang=\"es\">4. \u00bfCu\u00e1les son tus puntos fuertes? Y aquellas cosas que no te gustan de ti? <\/span><\/p>\n<p class=\"tw-data-text tw-ta tw-text-small\" dir=\"ltr\" data-placeholder=\"Traducci\u00f3\"><span lang=\"es\">5. \u00bfQu\u00e9 te dir\u00edas a ti mismo si te pudieras escribir con 20 a\u00f1os m\u00e1s? Tu yo con 20 a\u00f1os m\u00e1s que te recomendar\u00eda?<\/span><\/p>\n<p class=\"tw-data-text tw-ta tw-text-small\" dir=\"ltr\" data-placeholder=\"Traducci\u00f3\"><span lang=\"es\">Nuestra tarea como psicoterapeutas es acompa\u00f1aros en este camino. Si quieres saber qui\u00e9n eres, qu\u00e9 necesitas y hacia d\u00f3nde quieres ir no dudes en ponerte en contacto con nosotros. Trabajaremos juntos para conseguirlo!<\/span><\/p>\n","protected":false},"excerpt":{"rendered":"<p>Salir de la zona de confort &#8230; \u00bfCu\u00e1ntas veces en el \u00faltimo a\u00f1o hemos escuchado esta expresi\u00f3n? Y es que est\u00e1 muy de moda recomendar a todo el mundo que experimente, que no se quede estancado, que afronte sus miedos y se tire a conseguir lo que desea! Y lo que yo me cuestiono es: [&hellip;]<\/p>\n","protected":false},"author":4,"featured_media":282,"comment_status":"closed","ping_status":"closed","sticky":false,"template":"","format":"standard","meta":{"footnotes":""},"categories":[215,5],"tags":[204,203,193],"class_list":["post-727","post","type-post","status-publish","format-standard","has-post-thumbnail","hentry","category-terapia-adultos","category-general","tag-crecimiento-personal","tag-inseguridad","tag-aceptacion"],"yoast_head":"<!-- This site is optimized with the Yoast SEO plugin v27.1.1 - https:\/\/yoast.com\/product\/yoast-seo-wordpress\/ -->\n<title>SALIR DE LA ZONA DE CONFORT | Psico2 | Georgina Barcel\u00f3 i Alba Sabat\u00e9<\/title>\n<meta name=\"description\" content=\"Salir de la zona de confort ... \u00bfCu\u00e1ntas veces en el \u00faltimo a\u00f1o hemos escuchado esta expresi\u00f3n? Y es que est\u00e1 muy de moda recomendar a todo el mundo que\" \/>\n<meta name=\"robots\" content=\"index, follow, max-snippet:-1, max-image-preview:large, max-video-preview:-1\" \/>\n<link rel=\"canonical\" href=\"https:\/\/psico2.com\/es\/general\/salir-de-la-zona-de-confort\/\" \/>\n<meta property=\"og:locale\" content=\"es_ES\" \/>\n<meta property=\"og:type\" content=\"article\" \/>\n<meta property=\"og:title\" content=\"SALIR DE LA ZONA DE CONFORT | Psico2 | Georgina Barcel\u00f3 i Alba Sabat\u00e9\" \/>\n<meta property=\"og:description\" content=\"Salir de la zona de confort ... \u00bfCu\u00e1ntas veces en el \u00faltimo a\u00f1o hemos escuchado esta expresi\u00f3n? Y es que est\u00e1 muy de moda recomendar a todo el mundo que\" \/>\n<meta property=\"og:url\" content=\"https:\/\/psico2.com\/es\/general\/salir-de-la-zona-de-confort\/\" \/>\n<meta property=\"og:site_name\" content=\"Psico2\" \/>\n<meta property=\"article:publisher\" content=\"https:\/\/www.facebook.com\/psico2psicologiaipsicopedagogia\/\" \/>\n<meta property=\"article:published_time\" content=\"2017-01-18T14:26:15+00:00\" \/>\n<meta property=\"article:modified_time\" content=\"2019-03-29T14:50:40+00:00\" \/>\n<meta property=\"og:image\" content=\"https:\/\/psico2.com\/wp-content\/uploads\/2019\/02\/4a9d70925a143a703471764681baae8d-1.jpg\" \/>\n\t<meta property=\"og:image:width\" content=\"6016\" \/>\n\t<meta property=\"og:image:height\" content=\"4000\" \/>\n\t<meta property=\"og:image:type\" content=\"image\/jpeg\" \/>\n<meta name=\"author\" content=\"Alba Sabat\u00e9 Olius\" \/>\n<meta name=\"twitter:card\" content=\"summary_large_image\" \/>\n<meta name=\"twitter:label1\" content=\"Escrito por\" \/>\n\t<meta name=\"twitter:data1\" content=\"Alba Sabat\u00e9 Olius\" \/>\n\t<meta name=\"twitter:label2\" content=\"Tiempo de lectura\" \/>\n\t<meta name=\"twitter:data2\" content=\"2 minutos\" \/>\n<script type=\"application\/ld+json\" class=\"yoast-schema-graph\">{\"@context\":\"https:\/\/schema.org\",\"@graph\":[{\"@type\":\"Article\",\"@id\":\"https:\/\/psico2.com\/es\/general\/salir-de-la-zona-de-confort\/#article\",\"isPartOf\":{\"@id\":\"https:\/\/psico2.com\/es\/general\/salir-de-la-zona-de-confort\/\"},\"author\":{\"name\":\"Alba Sabat\u00e9 Olius\",\"@id\":\"https:\/\/psico2.com\/es\/#\/schema\/person\/1adca29b90d0c1275a11ae26817e57e0\"},\"headline\":\"SALIR DE LA ZONA DE CONFORT\",\"datePublished\":\"2017-01-18T14:26:15+00:00\",\"dateModified\":\"2019-03-29T14:50:40+00:00\",\"mainEntityOfPage\":{\"@id\":\"https:\/\/psico2.com\/es\/general\/salir-de-la-zona-de-confort\/\"},\"wordCount\":469,\"publisher\":{\"@id\":\"https:\/\/psico2.com\/es\/#organization\"},\"image\":{\"@id\":\"https:\/\/psico2.com\/es\/general\/salir-de-la-zona-de-confort\/#primaryimage\"},\"thumbnailUrl\":\"https:\/\/psico2.com\/wp-content\/uploads\/2019\/02\/4a9d70925a143a703471764681baae8d-1.jpg\",\"keywords\":[\"crecimiento personal\",\"inseguridad\",\"aceptaci\u00f3n\"],\"articleSection\":[\"Terapia adultos\",\"General\"],\"inLanguage\":\"es\"},{\"@type\":\"WebPage\",\"@id\":\"https:\/\/psico2.com\/es\/general\/salir-de-la-zona-de-confort\/\",\"url\":\"https:\/\/psico2.com\/es\/general\/salir-de-la-zona-de-confort\/\",\"name\":\"SALIR DE LA ZONA DE CONFORT | Psico2 | Georgina Barcel\u00f3 i Alba Sabat\u00e9\",\"isPartOf\":{\"@id\":\"https:\/\/psico2.com\/es\/#website\"},\"primaryImageOfPage\":{\"@id\":\"https:\/\/psico2.com\/es\/general\/salir-de-la-zona-de-confort\/#primaryimage\"},\"image\":{\"@id\":\"https:\/\/psico2.com\/es\/general\/salir-de-la-zona-de-confort\/#primaryimage\"},\"thumbnailUrl\":\"https:\/\/psico2.com\/wp-content\/uploads\/2019\/02\/4a9d70925a143a703471764681baae8d-1.jpg\",\"datePublished\":\"2017-01-18T14:26:15+00:00\",\"dateModified\":\"2019-03-29T14:50:40+00:00\",\"description\":\"Salir de la zona de confort ... \u00bfCu\u00e1ntas veces en el \u00faltimo a\u00f1o hemos escuchado esta expresi\u00f3n? Y es que est\u00e1 muy de moda recomendar a todo el mundo que\",\"breadcrumb\":{\"@id\":\"https:\/\/psico2.com\/es\/general\/salir-de-la-zona-de-confort\/#breadcrumb\"},\"inLanguage\":\"es\",\"potentialAction\":[{\"@type\":\"ReadAction\",\"target\":[\"https:\/\/psico2.com\/es\/general\/salir-de-la-zona-de-confort\/\"]}]},{\"@type\":\"ImageObject\",\"inLanguage\":\"es\",\"@id\":\"https:\/\/psico2.com\/es\/general\/salir-de-la-zona-de-confort\/#primaryimage\",\"url\":\"https:\/\/psico2.com\/wp-content\/uploads\/2019\/02\/4a9d70925a143a703471764681baae8d-1.jpg\",\"contentUrl\":\"https:\/\/psico2.com\/wp-content\/uploads\/2019\/02\/4a9d70925a143a703471764681baae8d-1.jpg\",\"width\":6016,\"height\":4000,\"caption\":\"Psico 2 - Blog - miedos.jpg\"},{\"@type\":\"BreadcrumbList\",\"@id\":\"https:\/\/psico2.com\/es\/general\/salir-de-la-zona-de-confort\/#breadcrumb\",\"itemListElement\":[{\"@type\":\"ListItem\",\"position\":1,\"name\":\"Inici\",\"item\":\"https:\/\/psico2.com\/es\/\"},{\"@type\":\"ListItem\",\"position\":2,\"name\":\"SALIR DE LA ZONA DE CONFORT\"}]},{\"@type\":\"WebSite\",\"@id\":\"https:\/\/psico2.com\/es\/#website\",\"url\":\"https:\/\/psico2.com\/es\/\",\"name\":\"Psico2\",\"description\":\"Georgina Barcel\u00f3 i Alba Sabat\u00e9\",\"publisher\":{\"@id\":\"https:\/\/psico2.com\/es\/#organization\"},\"potentialAction\":[{\"@type\":\"SearchAction\",\"target\":{\"@type\":\"EntryPoint\",\"urlTemplate\":\"https:\/\/psico2.com\/es\/?s={search_term_string}\"},\"query-input\":{\"@type\":\"PropertyValueSpecification\",\"valueRequired\":true,\"valueName\":\"search_term_string\"}}],\"inLanguage\":\"es\"},{\"@type\":\"Organization\",\"@id\":\"https:\/\/psico2.com\/es\/#organization\",\"name\":\"Psico2\",\"url\":\"https:\/\/psico2.com\/es\/\",\"logo\":{\"@type\":\"ImageObject\",\"inLanguage\":\"es\",\"@id\":\"https:\/\/psico2.com\/es\/#\/schema\/logo\/image\/\",\"url\":\"https:\/\/psico2.com\/wp-content\/uploads\/2019\/01\/logo.png\",\"contentUrl\":\"https:\/\/psico2.com\/wp-content\/uploads\/2019\/01\/logo.png\",\"width\":512,\"height\":512,\"caption\":\"Psico2\"},\"image\":{\"@id\":\"https:\/\/psico2.com\/es\/#\/schema\/logo\/image\/\"},\"sameAs\":[\"https:\/\/www.facebook.com\/psico2psicologiaipsicopedagogia\/\",\"https:\/\/www.instagram.com\/psico2.georginaialba\/\",\"https:\/\/www.linkedin.com\/company\/psico2-psicologia-i-psicopedagogia\/about\/\"]},{\"@type\":\"Person\",\"@id\":\"https:\/\/psico2.com\/es\/#\/schema\/person\/1adca29b90d0c1275a11ae26817e57e0\",\"name\":\"Alba Sabat\u00e9 Olius\",\"image\":{\"@type\":\"ImageObject\",\"inLanguage\":\"es\",\"@id\":\"https:\/\/psico2.com\/es\/#\/schema\/person\/image\/\",\"url\":\"https:\/\/secure.gravatar.com\/avatar\/17c054605ea350ae11a4c365b97377969e210b7c25fbf556b93deaebabc28387?s=96&d=mm&r=g\",\"contentUrl\":\"https:\/\/secure.gravatar.com\/avatar\/17c054605ea350ae11a4c365b97377969e210b7c25fbf556b93deaebabc28387?s=96&d=mm&r=g\",\"caption\":\"Alba Sabat\u00e9 Olius\"}}]}<\/script>\n<!-- \/ Yoast SEO plugin. -->","yoast_head_json":{"title":"SALIR DE LA ZONA DE CONFORT | Psico2 | Georgina Barcel\u00f3 i Alba Sabat\u00e9","description":"Salir de la zona de confort ... \u00bfCu\u00e1ntas veces en el \u00faltimo a\u00f1o hemos escuchado esta expresi\u00f3n? Y es que est\u00e1 muy de moda recomendar a todo el mundo que","robots":{"index":"index","follow":"follow","max-snippet":"max-snippet:-1","max-image-preview":"max-image-preview:large","max-video-preview":"max-video-preview:-1"},"canonical":"https:\/\/psico2.com\/es\/general\/salir-de-la-zona-de-confort\/","og_locale":"es_ES","og_type":"article","og_title":"SALIR DE LA ZONA DE CONFORT | Psico2 | Georgina Barcel\u00f3 i Alba Sabat\u00e9","og_description":"Salir de la zona de confort ... \u00bfCu\u00e1ntas veces en el \u00faltimo a\u00f1o hemos escuchado esta expresi\u00f3n? Y es que est\u00e1 muy de moda recomendar a todo el mundo que","og_url":"https:\/\/psico2.com\/es\/general\/salir-de-la-zona-de-confort\/","og_site_name":"Psico2","article_publisher":"https:\/\/www.facebook.com\/psico2psicologiaipsicopedagogia\/","article_published_time":"2017-01-18T14:26:15+00:00","article_modified_time":"2019-03-29T14:50:40+00:00","og_image":[{"width":6016,"height":4000,"url":"https:\/\/psico2.com\/wp-content\/uploads\/2019\/02\/4a9d70925a143a703471764681baae8d-1.jpg","type":"image\/jpeg"}],"author":"Alba Sabat\u00e9 Olius","twitter_card":"summary_large_image","twitter_misc":{"Escrito por":"Alba Sabat\u00e9 Olius","Tiempo de lectura":"2 minutos"},"schema":{"@context":"https:\/\/schema.org","@graph":[{"@type":"Article","@id":"https:\/\/psico2.com\/es\/general\/salir-de-la-zona-de-confort\/#article","isPartOf":{"@id":"https:\/\/psico2.com\/es\/general\/salir-de-la-zona-de-confort\/"},"author":{"name":"Alba Sabat\u00e9 Olius","@id":"https:\/\/psico2.com\/es\/#\/schema\/person\/1adca29b90d0c1275a11ae26817e57e0"},"headline":"SALIR DE LA ZONA DE CONFORT","datePublished":"2017-01-18T14:26:15+00:00","dateModified":"2019-03-29T14:50:40+00:00","mainEntityOfPage":{"@id":"https:\/\/psico2.com\/es\/general\/salir-de-la-zona-de-confort\/"},"wordCount":469,"publisher":{"@id":"https:\/\/psico2.com\/es\/#organization"},"image":{"@id":"https:\/\/psico2.com\/es\/general\/salir-de-la-zona-de-confort\/#primaryimage"},"thumbnailUrl":"https:\/\/psico2.com\/wp-content\/uploads\/2019\/02\/4a9d70925a143a703471764681baae8d-1.jpg","keywords":["crecimiento personal","inseguridad","aceptaci\u00f3n"],"articleSection":["Terapia adultos","General"],"inLanguage":"es"},{"@type":"WebPage","@id":"https:\/\/psico2.com\/es\/general\/salir-de-la-zona-de-confort\/","url":"https:\/\/psico2.com\/es\/general\/salir-de-la-zona-de-confort\/","name":"SALIR DE LA ZONA DE CONFORT | Psico2 | Georgina Barcel\u00f3 i Alba Sabat\u00e9","isPartOf":{"@id":"https:\/\/psico2.com\/es\/#website"},"primaryImageOfPage":{"@id":"https:\/\/psico2.com\/es\/general\/salir-de-la-zona-de-confort\/#primaryimage"},"image":{"@id":"https:\/\/psico2.com\/es\/general\/salir-de-la-zona-de-confort\/#primaryimage"},"thumbnailUrl":"https:\/\/psico2.com\/wp-content\/uploads\/2019\/02\/4a9d70925a143a703471764681baae8d-1.jpg","datePublished":"2017-01-18T14:26:15+00:00","dateModified":"2019-03-29T14:50:40+00:00","description":"Salir de la zona de confort ... \u00bfCu\u00e1ntas veces en el \u00faltimo a\u00f1o hemos escuchado esta expresi\u00f3n? Y es que est\u00e1 muy de moda recomendar a todo el mundo que","breadcrumb":{"@id":"https:\/\/psico2.com\/es\/general\/salir-de-la-zona-de-confort\/#breadcrumb"},"inLanguage":"es","potentialAction":[{"@type":"ReadAction","target":["https:\/\/psico2.com\/es\/general\/salir-de-la-zona-de-confort\/"]}]},{"@type":"ImageObject","inLanguage":"es","@id":"https:\/\/psico2.com\/es\/general\/salir-de-la-zona-de-confort\/#primaryimage","url":"https:\/\/psico2.com\/wp-content\/uploads\/2019\/02\/4a9d70925a143a703471764681baae8d-1.jpg","contentUrl":"https:\/\/psico2.com\/wp-content\/uploads\/2019\/02\/4a9d70925a143a703471764681baae8d-1.jpg","width":6016,"height":4000,"caption":"Psico 2 - Blog - miedos.jpg"},{"@type":"BreadcrumbList","@id":"https:\/\/psico2.com\/es\/general\/salir-de-la-zona-de-confort\/#breadcrumb","itemListElement":[{"@type":"ListItem","position":1,"name":"Inici","item":"https:\/\/psico2.com\/es\/"},{"@type":"ListItem","position":2,"name":"SALIR DE LA ZONA DE CONFORT"}]},{"@type":"WebSite","@id":"https:\/\/psico2.com\/es\/#website","url":"https:\/\/psico2.com\/es\/","name":"Psico2","description":"Georgina Barcel\u00f3 i Alba Sabat\u00e9","publisher":{"@id":"https:\/\/psico2.com\/es\/#organization"},"potentialAction":[{"@type":"SearchAction","target":{"@type":"EntryPoint","urlTemplate":"https:\/\/psico2.com\/es\/?s={search_term_string}"},"query-input":{"@type":"PropertyValueSpecification","valueRequired":true,"valueName":"search_term_string"}}],"inLanguage":"es"},{"@type":"Organization","@id":"https:\/\/psico2.com\/es\/#organization","name":"Psico2","url":"https:\/\/psico2.com\/es\/","logo":{"@type":"ImageObject","inLanguage":"es","@id":"https:\/\/psico2.com\/es\/#\/schema\/logo\/image\/","url":"https:\/\/psico2.com\/wp-content\/uploads\/2019\/01\/logo.png","contentUrl":"https:\/\/psico2.com\/wp-content\/uploads\/2019\/01\/logo.png","width":512,"height":512,"caption":"Psico2"},"image":{"@id":"https:\/\/psico2.com\/es\/#\/schema\/logo\/image\/"},"sameAs":["https:\/\/www.facebook.com\/psico2psicologiaipsicopedagogia\/","https:\/\/www.instagram.com\/psico2.georginaialba\/","https:\/\/www.linkedin.com\/company\/psico2-psicologia-i-psicopedagogia\/about\/"]},{"@type":"Person","@id":"https:\/\/psico2.com\/es\/#\/schema\/person\/1adca29b90d0c1275a11ae26817e57e0","name":"Alba Sabat\u00e9 Olius","image":{"@type":"ImageObject","inLanguage":"es","@id":"https:\/\/psico2.com\/es\/#\/schema\/person\/image\/","url":"https:\/\/secure.gravatar.com\/avatar\/17c054605ea350ae11a4c365b97377969e210b7c25fbf556b93deaebabc28387?s=96&d=mm&r=g","contentUrl":"https:\/\/secure.gravatar.com\/avatar\/17c054605ea350ae11a4c365b97377969e210b7c25fbf556b93deaebabc28387?s=96&d=mm&r=g","caption":"Alba Sabat\u00e9 Olius"}}]}},"_links":{"self":[{"href":"https:\/\/psico2.com\/es\/wp-json\/wp\/v2\/posts\/727","targetHints":{"allow":["GET"]}}],"collection":[{"href":"https:\/\/psico2.com\/es\/wp-json\/wp\/v2\/posts"}],"about":[{"href":"https:\/\/psico2.com\/es\/wp-json\/wp\/v2\/types\/post"}],"author":[{"embeddable":true,"href":"https:\/\/psico2.com\/es\/wp-json\/wp\/v2\/users\/4"}],"replies":[{"embeddable":true,"href":"https:\/\/psico2.com\/es\/wp-json\/wp\/v2\/comments?post=727"}],"version-history":[{"count":1,"href":"https:\/\/psico2.com\/es\/wp-json\/wp\/v2\/posts\/727\/revisions"}],"predecessor-version":[{"id":1023,"href":"https:\/\/psico2.com\/es\/wp-json\/wp\/v2\/posts\/727\/revisions\/1023"}],"wp:featuredmedia":[{"embeddable":true,"href":"https:\/\/psico2.com\/es\/wp-json\/wp\/v2\/media\/282"}],"wp:attachment":[{"href":"https:\/\/psico2.com\/es\/wp-json\/wp\/v2\/media?parent=727"}],"wp:term":[{"taxonomy":"category","embeddable":true,"href":"https:\/\/psico2.com\/es\/wp-json\/wp\/v2\/categories?post=727"},{"taxonomy":"post_tag","embeddable":true,"href":"https:\/\/psico2.com\/es\/wp-json\/wp\/v2\/tags?post=727"}],"curies":[{"name":"wp","href":"https:\/\/api.w.org\/{rel}","templated":true}]}}