{"id":729,"date":"2017-02-14T14:26:15","date_gmt":"2017-02-14T14:26:15","guid":{"rendered":"https:\/\/psico2.com\/general\/nuestras-voces-interiores-trabajando-la-autocompasion\/"},"modified":"2019-03-29T14:49:54","modified_gmt":"2019-03-29T14:49:54","slug":"nuestras-voces-interiores-trabajando-la-autocompasion","status":"publish","type":"post","link":"https:\/\/psico2.com\/es\/general\/nuestras-voces-interiores-trabajando-la-autocompasion\/","title":{"rendered":"NUESTRAS VOCES INTERIORES: TRABAJANDO LA AUTOCOMPASI\u00d3N"},"content":{"rendered":"<p><iframe loading=\"lazy\" title=\"Compassion for Voices: a tale of courage and hope\" width=\"500\" height=\"281\" src=\"https:\/\/www.youtube.com\/embed\/VRqI4lxuXAw?feature=oembed\" frameborder=\"0\" allow=\"accelerometer; autoplay; clipboard-write; encrypted-media; gyroscope; picture-in-picture; web-share\" referrerpolicy=\"strict-origin-when-cross-origin\" allowfullscreen><\/iframe><\/p>\n","protected":false},"excerpt":{"rendered":"","protected":false},"author":4,"featured_media":0,"comment_status":"closed","ping_status":"closed","sticky":false,"template":"","format":"standard","meta":{"footnotes":""},"categories":[215,212,5],"tags":[210,206,193],"class_list":["post-729","post","type-post","status-publish","format-standard","hentry","category-terapia-adultos","category-mindfulness-es","category-general","tag-miedos","tag-emociones","tag-aceptacion"],"yoast_head":"<!-- This site is optimized with the Yoast SEO plugin v27.1.1 - https:\/\/yoast.com\/product\/yoast-seo-wordpress\/ -->\n<title>NUESTRAS VOCES INTERIORES: TRABAJANDO LA AUTOCOMPASI\u00d3N | Psico2 | Georgina Barcel\u00f3 i Alba Sabat\u00e9<\/title>\n<meta name=\"robots\" content=\"index, follow, max-snippet:-1, max-image-preview:large, max-video-preview:-1\" \/>\n<link rel=\"canonical\" href=\"https:\/\/psico2.com\/es\/general\/nuestras-voces-interiores-trabajando-la-autocompasion\/\" \/>\n<meta property=\"og:locale\" content=\"es_ES\" \/>\n<meta property=\"og:type\" content=\"article\" \/>\n<meta property=\"og:title\" content=\"NUESTRAS VOCES INTERIORES: TRABAJANDO LA AUTOCOMPASI\u00d3N | Psico2 | Georgina Barcel\u00f3 i Alba Sabat\u00e9\" \/>\n<meta property=\"og:url\" content=\"https:\/\/psico2.com\/es\/general\/nuestras-voces-interiores-trabajando-la-autocompasion\/\" \/>\n<meta property=\"og:site_name\" content=\"Psico2\" \/>\n<meta property=\"article:publisher\" content=\"https:\/\/www.facebook.com\/psico2psicologiaipsicopedagogia\/\" \/>\n<meta property=\"article:published_time\" content=\"2017-02-14T14:26:15+00:00\" \/>\n<meta property=\"article:modified_time\" content=\"2019-03-29T14:49:54+00:00\" \/>\n<meta property=\"og:image\" content=\"https:\/\/psico2.com\/wp-content\/uploads\/2019\/01\/logo.png\" \/>\n\t<meta property=\"og:image:width\" content=\"512\" \/>\n\t<meta property=\"og:image:height\" content=\"512\" \/>\n\t<meta property=\"og:image:type\" content=\"image\/png\" \/>\n<meta name=\"author\" content=\"Alba Sabat\u00e9 Olius\" \/>\n<meta name=\"twitter:card\" content=\"summary_large_image\" \/>\n<meta name=\"twitter:label1\" content=\"Escrito por\" \/>\n\t<meta name=\"twitter:data1\" content=\"Alba Sabat\u00e9 Olius\" \/>\n<script type=\"application\/ld+json\" class=\"yoast-schema-graph\">{\"@context\":\"https:\/\/schema.org\",\"@graph\":[{\"@type\":\"Article\",\"@id\":\"https:\/\/psico2.com\/es\/general\/nuestras-voces-interiores-trabajando-la-autocompasion\/#article\",\"isPartOf\":{\"@id\":\"https:\/\/psico2.com\/es\/general\/nuestras-voces-interiores-trabajando-la-autocompasion\/\"},\"author\":{\"name\":\"Alba Sabat\u00e9 Olius\",\"@id\":\"https:\/\/psico2.com\/es\/#\/schema\/person\/1adca29b90d0c1275a11ae26817e57e0\"},\"headline\":\"NUESTRAS VOCES INTERIORES: TRABAJANDO LA AUTOCOMPASI\u00d3N\",\"datePublished\":\"2017-02-14T14:26:15+00:00\",\"dateModified\":\"2019-03-29T14:49:54+00:00\",\"mainEntityOfPage\":{\"@id\":\"https:\/\/psico2.com\/es\/general\/nuestras-voces-interiores-trabajando-la-autocompasion\/\"},\"wordCount\":19,\"publisher\":{\"@id\":\"https:\/\/psico2.com\/es\/#organization\"},\"keywords\":[\"miedos\",\"emociones\",\"aceptaci\u00f3n\"],\"articleSection\":[\"Terapia adultos\",\"Mindfulness\",\"General\"],\"inLanguage\":\"es\"},{\"@type\":\"WebPage\",\"@id\":\"https:\/\/psico2.com\/es\/general\/nuestras-voces-interiores-trabajando-la-autocompasion\/\",\"url\":\"https:\/\/psico2.com\/es\/general\/nuestras-voces-interiores-trabajando-la-autocompasion\/\",\"name\":\"NUESTRAS VOCES INTERIORES: TRABAJANDO LA AUTOCOMPASI\u00d3N | Psico2 | Georgina Barcel\u00f3 i Alba Sabat\u00e9\",\"isPartOf\":{\"@id\":\"https:\/\/psico2.com\/es\/#website\"},\"datePublished\":\"2017-02-14T14:26:15+00:00\",\"dateModified\":\"2019-03-29T14:49:54+00:00\",\"breadcrumb\":{\"@id\":\"https:\/\/psico2.com\/es\/general\/nuestras-voces-interiores-trabajando-la-autocompasion\/#breadcrumb\"},\"inLanguage\":\"es\",\"potentialAction\":[{\"@type\":\"ReadAction\",\"target\":[\"https:\/\/psico2.com\/es\/general\/nuestras-voces-interiores-trabajando-la-autocompasion\/\"]}]},{\"@type\":\"BreadcrumbList\",\"@id\":\"https:\/\/psico2.com\/es\/general\/nuestras-voces-interiores-trabajando-la-autocompasion\/#breadcrumb\",\"itemListElement\":[{\"@type\":\"ListItem\",\"position\":1,\"name\":\"Inici\",\"item\":\"https:\/\/psico2.com\/es\/\"},{\"@type\":\"ListItem\",\"position\":2,\"name\":\"NUESTRAS VOCES INTERIORES: TRABAJANDO LA AUTOCOMPASI\u00d3N\"}]},{\"@type\":\"WebSite\",\"@id\":\"https:\/\/psico2.com\/es\/#website\",\"url\":\"https:\/\/psico2.com\/es\/\",\"name\":\"Psico2\",\"description\":\"Georgina Barcel\u00f3 i Alba Sabat\u00e9\",\"publisher\":{\"@id\":\"https:\/\/psico2.com\/es\/#organization\"},\"potentialAction\":[{\"@type\":\"SearchAction\",\"target\":{\"@type\":\"EntryPoint\",\"urlTemplate\":\"https:\/\/psico2.com\/es\/?s={search_term_string}\"},\"query-input\":{\"@type\":\"PropertyValueSpecification\",\"valueRequired\":true,\"valueName\":\"search_term_string\"}}],\"inLanguage\":\"es\"},{\"@type\":\"Organization\",\"@id\":\"https:\/\/psico2.com\/es\/#organization\",\"name\":\"Psico2\",\"url\":\"https:\/\/psico2.com\/es\/\",\"logo\":{\"@type\":\"ImageObject\",\"inLanguage\":\"es\",\"@id\":\"https:\/\/psico2.com\/es\/#\/schema\/logo\/image\/\",\"url\":\"https:\/\/psico2.com\/wp-content\/uploads\/2019\/01\/logo.png\",\"contentUrl\":\"https:\/\/psico2.com\/wp-content\/uploads\/2019\/01\/logo.png\",\"width\":512,\"height\":512,\"caption\":\"Psico2\"},\"image\":{\"@id\":\"https:\/\/psico2.com\/es\/#\/schema\/logo\/image\/\"},\"sameAs\":[\"https:\/\/www.facebook.com\/psico2psicologiaipsicopedagogia\/\",\"https:\/\/www.instagram.com\/psico2.georginaialba\/\",\"https:\/\/www.linkedin.com\/company\/psico2-psicologia-i-psicopedagogia\/about\/\"]},{\"@type\":\"Person\",\"@id\":\"https:\/\/psico2.com\/es\/#\/schema\/person\/1adca29b90d0c1275a11ae26817e57e0\",\"name\":\"Alba Sabat\u00e9 Olius\",\"image\":{\"@type\":\"ImageObject\",\"inLanguage\":\"es\",\"@id\":\"https:\/\/psico2.com\/es\/#\/schema\/person\/image\/\",\"url\":\"https:\/\/secure.gravatar.com\/avatar\/17c054605ea350ae11a4c365b97377969e210b7c25fbf556b93deaebabc28387?s=96&d=mm&r=g\",\"contentUrl\":\"https:\/\/secure.gravatar.com\/avatar\/17c054605ea350ae11a4c365b97377969e210b7c25fbf556b93deaebabc28387?s=96&d=mm&r=g\",\"caption\":\"Alba Sabat\u00e9 Olius\"}}]}<\/script>\n<!-- \/ Yoast SEO plugin. -->","yoast_head_json":{"title":"NUESTRAS VOCES INTERIORES: TRABAJANDO LA AUTOCOMPASI\u00d3N | Psico2 | Georgina Barcel\u00f3 i Alba Sabat\u00e9","robots":{"index":"index","follow":"follow","max-snippet":"max-snippet:-1","max-image-preview":"max-image-preview:large","max-video-preview":"max-video-preview:-1"},"canonical":"https:\/\/psico2.com\/es\/general\/nuestras-voces-interiores-trabajando-la-autocompasion\/","og_locale":"es_ES","og_type":"article","og_title":"NUESTRAS VOCES INTERIORES: TRABAJANDO LA AUTOCOMPASI\u00d3N | Psico2 | Georgina Barcel\u00f3 i Alba Sabat\u00e9","og_url":"https:\/\/psico2.com\/es\/general\/nuestras-voces-interiores-trabajando-la-autocompasion\/","og_site_name":"Psico2","article_publisher":"https:\/\/www.facebook.com\/psico2psicologiaipsicopedagogia\/","article_published_time":"2017-02-14T14:26:15+00:00","article_modified_time":"2019-03-29T14:49:54+00:00","og_image":[{"width":512,"height":512,"url":"https:\/\/psico2.com\/wp-content\/uploads\/2019\/01\/logo.png","type":"image\/png"}],"author":"Alba Sabat\u00e9 Olius","twitter_card":"summary_large_image","twitter_misc":{"Escrito por":"Alba Sabat\u00e9 Olius"},"schema":{"@context":"https:\/\/schema.org","@graph":[{"@type":"Article","@id":"https:\/\/psico2.com\/es\/general\/nuestras-voces-interiores-trabajando-la-autocompasion\/#article","isPartOf":{"@id":"https:\/\/psico2.com\/es\/general\/nuestras-voces-interiores-trabajando-la-autocompasion\/"},"author":{"name":"Alba Sabat\u00e9 Olius","@id":"https:\/\/psico2.com\/es\/#\/schema\/person\/1adca29b90d0c1275a11ae26817e57e0"},"headline":"NUESTRAS VOCES INTERIORES: TRABAJANDO LA AUTOCOMPASI\u00d3N","datePublished":"2017-02-14T14:26:15+00:00","dateModified":"2019-03-29T14:49:54+00:00","mainEntityOfPage":{"@id":"https:\/\/psico2.com\/es\/general\/nuestras-voces-interiores-trabajando-la-autocompasion\/"},"wordCount":19,"publisher":{"@id":"https:\/\/psico2.com\/es\/#organization"},"keywords":["miedos","emociones","aceptaci\u00f3n"],"articleSection":["Terapia adultos","Mindfulness","General"],"inLanguage":"es"},{"@type":"WebPage","@id":"https:\/\/psico2.com\/es\/general\/nuestras-voces-interiores-trabajando-la-autocompasion\/","url":"https:\/\/psico2.com\/es\/general\/nuestras-voces-interiores-trabajando-la-autocompasion\/","name":"NUESTRAS VOCES INTERIORES: TRABAJANDO LA AUTOCOMPASI\u00d3N | Psico2 | Georgina Barcel\u00f3 i Alba Sabat\u00e9","isPartOf":{"@id":"https:\/\/psico2.com\/es\/#website"},"datePublished":"2017-02-14T14:26:15+00:00","dateModified":"2019-03-29T14:49:54+00:00","breadcrumb":{"@id":"https:\/\/psico2.com\/es\/general\/nuestras-voces-interiores-trabajando-la-autocompasion\/#breadcrumb"},"inLanguage":"es","potentialAction":[{"@type":"ReadAction","target":["https:\/\/psico2.com\/es\/general\/nuestras-voces-interiores-trabajando-la-autocompasion\/"]}]},{"@type":"BreadcrumbList","@id":"https:\/\/psico2.com\/es\/general\/nuestras-voces-interiores-trabajando-la-autocompasion\/#breadcrumb","itemListElement":[{"@type":"ListItem","position":1,"name":"Inici","item":"https:\/\/psico2.com\/es\/"},{"@type":"ListItem","position":2,"name":"NUESTRAS VOCES INTERIORES: TRABAJANDO LA AUTOCOMPASI\u00d3N"}]},{"@type":"WebSite","@id":"https:\/\/psico2.com\/es\/#website","url":"https:\/\/psico2.com\/es\/","name":"Psico2","description":"Georgina Barcel\u00f3 i Alba Sabat\u00e9","publisher":{"@id":"https:\/\/psico2.com\/es\/#organization"},"potentialAction":[{"@type":"SearchAction","target":{"@type":"EntryPoint","urlTemplate":"https:\/\/psico2.com\/es\/?s={search_term_string}"},"query-input":{"@type":"PropertyValueSpecification","valueRequired":true,"valueName":"search_term_string"}}],"inLanguage":"es"},{"@type":"Organization","@id":"https:\/\/psico2.com\/es\/#organization","name":"Psico2","url":"https:\/\/psico2.com\/es\/","logo":{"@type":"ImageObject","inLanguage":"es","@id":"https:\/\/psico2.com\/es\/#\/schema\/logo\/image\/","url":"https:\/\/psico2.com\/wp-content\/uploads\/2019\/01\/logo.png","contentUrl":"https:\/\/psico2.com\/wp-content\/uploads\/2019\/01\/logo.png","width":512,"height":512,"caption":"Psico2"},"image":{"@id":"https:\/\/psico2.com\/es\/#\/schema\/logo\/image\/"},"sameAs":["https:\/\/www.facebook.com\/psico2psicologiaipsicopedagogia\/","https:\/\/www.instagram.com\/psico2.georginaialba\/","https:\/\/www.linkedin.com\/company\/psico2-psicologia-i-psicopedagogia\/about\/"]},{"@type":"Person","@id":"https:\/\/psico2.com\/es\/#\/schema\/person\/1adca29b90d0c1275a11ae26817e57e0","name":"Alba Sabat\u00e9 Olius","image":{"@type":"ImageObject","inLanguage":"es","@id":"https:\/\/psico2.com\/es\/#\/schema\/person\/image\/","url":"https:\/\/secure.gravatar.com\/avatar\/17c054605ea350ae11a4c365b97377969e210b7c25fbf556b93deaebabc28387?s=96&d=mm&r=g","contentUrl":"https:\/\/secure.gravatar.com\/avatar\/17c054605ea350ae11a4c365b97377969e210b7c25fbf556b93deaebabc28387?s=96&d=mm&r=g","caption":"Alba Sabat\u00e9 Olius"}}]}},"_links":{"self":[{"href":"https:\/\/psico2.com\/es\/wp-json\/wp\/v2\/posts\/729","targetHints":{"allow":["GET"]}}],"collection":[{"href":"https:\/\/psico2.com\/es\/wp-json\/wp\/v2\/posts"}],"about":[{"href":"https:\/\/psico2.com\/es\/wp-json\/wp\/v2\/types\/post"}],"author":[{"embeddable":true,"href":"https:\/\/psico2.com\/es\/wp-json\/wp\/v2\/users\/4"}],"replies":[{"embeddable":true,"href":"https:\/\/psico2.com\/es\/wp-json\/wp\/v2\/comments?post=729"}],"version-history":[{"count":1,"href":"https:\/\/psico2.com\/es\/wp-json\/wp\/v2\/posts\/729\/revisions"}],"predecessor-version":[{"id":1025,"href":"https:\/\/psico2.com\/es\/wp-json\/wp\/v2\/posts\/729\/revisions\/1025"}],"wp:attachment":[{"href":"https:\/\/psico2.com\/es\/wp-json\/wp\/v2\/media?parent=729"}],"wp:term":[{"taxonomy":"category","embeddable":true,"href":"https:\/\/psico2.com\/es\/wp-json\/wp\/v2\/categories?post=729"},{"taxonomy":"post_tag","embeddable":true,"href":"https:\/\/psico2.com\/es\/wp-json\/wp\/v2\/tags?post=729"}],"curies":[{"name":"wp","href":"https:\/\/api.w.org\/{rel}","templated":true}]}}