{"id":732,"date":"2017-10-09T14:26:15","date_gmt":"2017-10-09T14:26:15","guid":{"rendered":"https:\/\/psico2.com\/general\/mama-papa-volvera-a-pasar\/"},"modified":"2019-03-29T14:48:21","modified_gmt":"2019-03-29T14:48:21","slug":"mama-papa-volvera-a-pasar","status":"publish","type":"post","link":"https:\/\/psico2.com\/es\/general\/mama-papa-volvera-a-pasar\/","title":{"rendered":"Mama, papa! volver\u00e1 a pasar?"},"content":{"rendered":"<p>Estamos ante unos d\u00edas claramente especiales. Desde hace unos meses, vivimos situaciones que nos provocan emociones como la de miedo, rabia, frustraci\u00f3n y tristeza.\u00a0Los ni\u00f1os\/as, a trav\u00e9s de nuestras emociones y actitudes, lo que ven en los medios de comunicaci\u00f3n, o de las frases sueltas que captan de nuestras conversaciones, sienten este miedo y descontrol que sentimos los adultos.<\/p>\n<p>En un primer momento, nuestros hijos e hijas pueden sufrir pesadillas, irritabilidad, aumento de los miedos, querer evitar lugares y situaciones e, incluso, tener actitudes m\u00e1s propias de ni\u00f1os y ni\u00f1as m\u00e1s peque\u00f1os. Estas conductas son muy normales y ayudan a aceptar la nueva situaci\u00f3n vivida.<\/p>\n<p>Poco a poco, sin embargo, estas deben ir disminuyendo. Sin embargo, para que as\u00ed sea, hay que ayudarles a afrontar estas situaciones estresantes. El Alba y yo os queremos dejar unas pautas para ayudar afrontar los incidentes traum\u00e1ticos:<\/p>\n<ul>\n<li><strong>Evitar el m\u00e1ximo posible im\u00e1genes o v\u00eddeos violentos, de muertos y heridos. Tambi\u00e9n dar informaciones a nuestros hijos, hablando de lo que est\u00e1 pasando:<\/strong>\u00a0Hay que hacer un relato de la realidad, dar explicaciones y dejar una puerta abierta a sus dudas y sus miedos. Una forma de empezar es preguntando qu\u00e9 es lo que saben de la situaci\u00f3n. As\u00ed evitamos demasiada informaci\u00f3n.<\/li>\n<li><strong>Dar sensaci\u00f3n de seguridad a los ni\u00f1os:<\/strong> poder apoyar a nuestros hijos, vigilando nuestras actitudes y expresiones de las emociones de forma descontrolada. Es importante que puedan tener espacios de absoluta calma y seguridad. Comentarios como \u00abes normal sentirse tristes o tener miedo\u00bb hacen que los ni\u00f1os acepten m\u00e1s f\u00e1cilmente sus emociones.<\/li>\n<li><strong>Dejar abierto todos los canales de expresi\u00f3n: <\/strong>Hablando, dibujando, creando, cantando, corriendo, tambi\u00e9n se expresan emociones y nos ayudan a gestionar el miedo, el enojo y la tristeza. Sin obligarlos, podemos explorar qu\u00e9 canales pueden ser los m\u00e1s adecuados para cada uno de ellos.<\/li>\n<li><strong>Cu\u00eddate a ti para poder cuidar a los dem\u00e1s<\/strong>: Busca otros adultos para poder compartir tu sufrimiento y tus miedos. Nosotros tambi\u00e9n tenemos que buscar un espacio de expresi\u00f3n emocional adecuado.<\/li>\n<li><strong>No romper con la rutina de siempre<\/strong>: seguir con una vida m\u00e1s o menos normalizada. No hagamos cambios bruscos que podr\u00edan llevar a sensaci\u00f3n de descontrol.<\/li>\n<li><strong>Buscar ayuda: <\/strong>en el caso de que pasen las semanas y nuestro hijo o hija siga con un estado de alerta muy elevado, o si las conductas regresivas y de evitaci\u00f3n contin\u00faan con el tiempo y si hay mucho sufrimiento, recomendamos que pida una cita con nosotros para valorar en qu\u00e9 situaci\u00f3n se encuentra y si es necesario alg\u00fan tipo de ayuda.<\/li>\n<\/ul>\n<p style=\"text-align: center;\"><strong><a href=\"https:\/\/psico2.com\/es\/contacto\/\">Si est\u00e1s en esta situaci\u00f3n, podemos ayudarte<\/a>!!!<\/strong><\/p>\n<hr \/>\n<p style=\"text-align: center;\"><em><strong>\u00a0<\/strong><strong>Psico2, psicologia i psicopedagogia: Pla\u00e7a Ma\u00f1\u00e9 i Flaquer 9, baixos 08006 Barcelona<\/strong><\/em><\/p>\n<p style=\"text-align: center;\"><em><strong>660 89 99 77 \/ 606 65 12 88 \u2013 <\/strong><a href=\"mailto:info@psico2.com\"><strong>info@psico2.com<\/strong><\/a><strong> \u2013 www.psico2.com<\/strong><\/em><\/p>\n","protected":false},"excerpt":{"rendered":"<p>Estamos ante unos d\u00edas claramente especiales. Desde hace unos meses, vivimos situaciones que nos provocan emociones como la de miedo, rabia, frustraci\u00f3n y tristeza.\u00a0Los ni\u00f1os\/as, a trav\u00e9s de nuestras emociones y actitudes, lo que ven en los medios de comunicaci\u00f3n, o de las frases sueltas que captan de nuestras conversaciones, sienten este miedo y descontrol [&hellip;]<\/p>\n","protected":false},"author":5,"featured_media":293,"comment_status":"closed","ping_status":"closed","sticky":false,"template":"","format":"standard","meta":{"footnotes":""},"categories":[187,5],"tags":[210,206,203],"class_list":["post-732","post","type-post","status-publish","format-standard","has-post-thumbnail","hentry","category-terapia-infantil-es","category-general","tag-miedos","tag-emociones","tag-inseguridad"],"yoast_head":"<!-- This site is optimized with the Yoast SEO plugin v27.1.1 - https:\/\/yoast.com\/product\/yoast-seo-wordpress\/ -->\n<title>Mama, papa! volver\u00e1 a pasar? | Psico2 | Georgina Barcel\u00f3 i Alba Sabat\u00e9<\/title>\n<meta name=\"description\" content=\"Estamos ante unos d\u00edas claramente especiales. Desde hace unos meses, vivimos situaciones que nos provocan emociones como la de miedo, rabia, frustraci\u00f3n y\" \/>\n<meta name=\"robots\" content=\"index, follow, max-snippet:-1, max-image-preview:large, max-video-preview:-1\" \/>\n<link rel=\"canonical\" href=\"https:\/\/psico2.com\/es\/general\/mama-papa-volvera-a-pasar\/\" \/>\n<meta property=\"og:locale\" content=\"es_ES\" \/>\n<meta property=\"og:type\" content=\"article\" \/>\n<meta property=\"og:title\" content=\"Mama, papa! volver\u00e1 a pasar? | Psico2 | Georgina Barcel\u00f3 i Alba Sabat\u00e9\" \/>\n<meta property=\"og:description\" content=\"Estamos ante unos d\u00edas claramente especiales. Desde hace unos meses, vivimos situaciones que nos provocan emociones como la de miedo, rabia, frustraci\u00f3n y\" \/>\n<meta property=\"og:url\" content=\"https:\/\/psico2.com\/es\/general\/mama-papa-volvera-a-pasar\/\" \/>\n<meta property=\"og:site_name\" content=\"Psico2\" \/>\n<meta property=\"article:publisher\" content=\"https:\/\/www.facebook.com\/psico2psicologiaipsicopedagogia\/\" \/>\n<meta property=\"article:published_time\" content=\"2017-10-09T14:26:15+00:00\" \/>\n<meta property=\"article:modified_time\" content=\"2019-03-29T14:48:21+00:00\" \/>\n<meta property=\"og:image\" content=\"https:\/\/psico2.com\/wp-content\/uploads\/2019\/02\/por-ninots.jpg\" \/>\n\t<meta property=\"og:image:width\" content=\"862\" \/>\n\t<meta property=\"og:image:height\" content=\"720\" \/>\n\t<meta property=\"og:image:type\" content=\"image\/jpeg\" \/>\n<meta name=\"author\" content=\"Georgina Barcel\u00f3\" \/>\n<meta name=\"twitter:card\" content=\"summary_large_image\" \/>\n<meta name=\"twitter:label1\" content=\"Escrito por\" \/>\n\t<meta name=\"twitter:data1\" content=\"Georgina Barcel\u00f3\" \/>\n\t<meta name=\"twitter:label2\" content=\"Tiempo de lectura\" \/>\n\t<meta name=\"twitter:data2\" content=\"2 minutos\" \/>\n<script type=\"application\/ld+json\" class=\"yoast-schema-graph\">{\"@context\":\"https:\/\/schema.org\",\"@graph\":[{\"@type\":\"Article\",\"@id\":\"https:\/\/psico2.com\/es\/general\/mama-papa-volvera-a-pasar\/#article\",\"isPartOf\":{\"@id\":\"https:\/\/psico2.com\/es\/general\/mama-papa-volvera-a-pasar\/\"},\"author\":{\"name\":\"Georgina Barcel\u00f3\",\"@id\":\"https:\/\/psico2.com\/es\/#\/schema\/person\/04c5c630b78e0a5aa0cd8fb06f710355\"},\"headline\":\"Mama, papa! volver\u00e1 a pasar?\",\"datePublished\":\"2017-10-09T14:26:15+00:00\",\"dateModified\":\"2019-03-29T14:48:21+00:00\",\"mainEntityOfPage\":{\"@id\":\"https:\/\/psico2.com\/es\/general\/mama-papa-volvera-a-pasar\/\"},\"wordCount\":491,\"publisher\":{\"@id\":\"https:\/\/psico2.com\/es\/#organization\"},\"image\":{\"@id\":\"https:\/\/psico2.com\/es\/general\/mama-papa-volvera-a-pasar\/#primaryimage\"},\"thumbnailUrl\":\"https:\/\/psico2.com\/wp-content\/uploads\/2019\/02\/por-ninots.jpg\",\"keywords\":[\"miedos\",\"emociones\",\"inseguridad\"],\"articleSection\":[\"Terapia infantil\",\"General\"],\"inLanguage\":\"es\"},{\"@type\":\"WebPage\",\"@id\":\"https:\/\/psico2.com\/es\/general\/mama-papa-volvera-a-pasar\/\",\"url\":\"https:\/\/psico2.com\/es\/general\/mama-papa-volvera-a-pasar\/\",\"name\":\"Mama, papa! volver\u00e1 a pasar? | Psico2 | Georgina Barcel\u00f3 i Alba Sabat\u00e9\",\"isPartOf\":{\"@id\":\"https:\/\/psico2.com\/es\/#website\"},\"primaryImageOfPage\":{\"@id\":\"https:\/\/psico2.com\/es\/general\/mama-papa-volvera-a-pasar\/#primaryimage\"},\"image\":{\"@id\":\"https:\/\/psico2.com\/es\/general\/mama-papa-volvera-a-pasar\/#primaryimage\"},\"thumbnailUrl\":\"https:\/\/psico2.com\/wp-content\/uploads\/2019\/02\/por-ninots.jpg\",\"datePublished\":\"2017-10-09T14:26:15+00:00\",\"dateModified\":\"2019-03-29T14:48:21+00:00\",\"description\":\"Estamos ante unos d\u00edas claramente especiales. Desde hace unos meses, vivimos situaciones que nos provocan emociones como la de miedo, rabia, frustraci\u00f3n y\",\"breadcrumb\":{\"@id\":\"https:\/\/psico2.com\/es\/general\/mama-papa-volvera-a-pasar\/#breadcrumb\"},\"inLanguage\":\"es\",\"potentialAction\":[{\"@type\":\"ReadAction\",\"target\":[\"https:\/\/psico2.com\/es\/general\/mama-papa-volvera-a-pasar\/\"]}]},{\"@type\":\"ImageObject\",\"inLanguage\":\"es\",\"@id\":\"https:\/\/psico2.com\/es\/general\/mama-papa-volvera-a-pasar\/#primaryimage\",\"url\":\"https:\/\/psico2.com\/wp-content\/uploads\/2019\/02\/por-ninots.jpg\",\"contentUrl\":\"https:\/\/psico2.com\/wp-content\/uploads\/2019\/02\/por-ninots.jpg\",\"width\":862,\"height\":720,\"caption\":\"Psico 2 - Blog - por ninots\"},{\"@type\":\"BreadcrumbList\",\"@id\":\"https:\/\/psico2.com\/es\/general\/mama-papa-volvera-a-pasar\/#breadcrumb\",\"itemListElement\":[{\"@type\":\"ListItem\",\"position\":1,\"name\":\"Inici\",\"item\":\"https:\/\/psico2.com\/es\/\"},{\"@type\":\"ListItem\",\"position\":2,\"name\":\"Mama, papa! volver\u00e1 a pasar?\"}]},{\"@type\":\"WebSite\",\"@id\":\"https:\/\/psico2.com\/es\/#website\",\"url\":\"https:\/\/psico2.com\/es\/\",\"name\":\"Psico2\",\"description\":\"Georgina Barcel\u00f3 i Alba Sabat\u00e9\",\"publisher\":{\"@id\":\"https:\/\/psico2.com\/es\/#organization\"},\"potentialAction\":[{\"@type\":\"SearchAction\",\"target\":{\"@type\":\"EntryPoint\",\"urlTemplate\":\"https:\/\/psico2.com\/es\/?s={search_term_string}\"},\"query-input\":{\"@type\":\"PropertyValueSpecification\",\"valueRequired\":true,\"valueName\":\"search_term_string\"}}],\"inLanguage\":\"es\"},{\"@type\":\"Organization\",\"@id\":\"https:\/\/psico2.com\/es\/#organization\",\"name\":\"Psico2\",\"url\":\"https:\/\/psico2.com\/es\/\",\"logo\":{\"@type\":\"ImageObject\",\"inLanguage\":\"es\",\"@id\":\"https:\/\/psico2.com\/es\/#\/schema\/logo\/image\/\",\"url\":\"https:\/\/psico2.com\/wp-content\/uploads\/2019\/01\/logo.png\",\"contentUrl\":\"https:\/\/psico2.com\/wp-content\/uploads\/2019\/01\/logo.png\",\"width\":512,\"height\":512,\"caption\":\"Psico2\"},\"image\":{\"@id\":\"https:\/\/psico2.com\/es\/#\/schema\/logo\/image\/\"},\"sameAs\":[\"https:\/\/www.facebook.com\/psico2psicologiaipsicopedagogia\/\",\"https:\/\/www.instagram.com\/psico2.georginaialba\/\",\"https:\/\/www.linkedin.com\/company\/psico2-psicologia-i-psicopedagogia\/about\/\"]},{\"@type\":\"Person\",\"@id\":\"https:\/\/psico2.com\/es\/#\/schema\/person\/04c5c630b78e0a5aa0cd8fb06f710355\",\"name\":\"Georgina Barcel\u00f3\",\"image\":{\"@type\":\"ImageObject\",\"inLanguage\":\"es\",\"@id\":\"https:\/\/psico2.com\/es\/#\/schema\/person\/image\/\",\"url\":\"https:\/\/secure.gravatar.com\/avatar\/f0e35fb2cd794feefeabfb4055b153e7312015d7fc9d940039c1bffc1a595c7a?s=96&d=mm&r=g\",\"contentUrl\":\"https:\/\/secure.gravatar.com\/avatar\/f0e35fb2cd794feefeabfb4055b153e7312015d7fc9d940039c1bffc1a595c7a?s=96&d=mm&r=g\",\"caption\":\"Georgina Barcel\u00f3\"}}]}<\/script>\n<!-- \/ Yoast SEO plugin. -->","yoast_head_json":{"title":"Mama, papa! volver\u00e1 a pasar? | Psico2 | Georgina Barcel\u00f3 i Alba Sabat\u00e9","description":"Estamos ante unos d\u00edas claramente especiales. Desde hace unos meses, vivimos situaciones que nos provocan emociones como la de miedo, rabia, frustraci\u00f3n y","robots":{"index":"index","follow":"follow","max-snippet":"max-snippet:-1","max-image-preview":"max-image-preview:large","max-video-preview":"max-video-preview:-1"},"canonical":"https:\/\/psico2.com\/es\/general\/mama-papa-volvera-a-pasar\/","og_locale":"es_ES","og_type":"article","og_title":"Mama, papa! volver\u00e1 a pasar? | Psico2 | Georgina Barcel\u00f3 i Alba Sabat\u00e9","og_description":"Estamos ante unos d\u00edas claramente especiales. Desde hace unos meses, vivimos situaciones que nos provocan emociones como la de miedo, rabia, frustraci\u00f3n y","og_url":"https:\/\/psico2.com\/es\/general\/mama-papa-volvera-a-pasar\/","og_site_name":"Psico2","article_publisher":"https:\/\/www.facebook.com\/psico2psicologiaipsicopedagogia\/","article_published_time":"2017-10-09T14:26:15+00:00","article_modified_time":"2019-03-29T14:48:21+00:00","og_image":[{"width":862,"height":720,"url":"https:\/\/psico2.com\/wp-content\/uploads\/2019\/02\/por-ninots.jpg","type":"image\/jpeg"}],"author":"Georgina Barcel\u00f3","twitter_card":"summary_large_image","twitter_misc":{"Escrito por":"Georgina Barcel\u00f3","Tiempo de lectura":"2 minutos"},"schema":{"@context":"https:\/\/schema.org","@graph":[{"@type":"Article","@id":"https:\/\/psico2.com\/es\/general\/mama-papa-volvera-a-pasar\/#article","isPartOf":{"@id":"https:\/\/psico2.com\/es\/general\/mama-papa-volvera-a-pasar\/"},"author":{"name":"Georgina Barcel\u00f3","@id":"https:\/\/psico2.com\/es\/#\/schema\/person\/04c5c630b78e0a5aa0cd8fb06f710355"},"headline":"Mama, papa! volver\u00e1 a pasar?","datePublished":"2017-10-09T14:26:15+00:00","dateModified":"2019-03-29T14:48:21+00:00","mainEntityOfPage":{"@id":"https:\/\/psico2.com\/es\/general\/mama-papa-volvera-a-pasar\/"},"wordCount":491,"publisher":{"@id":"https:\/\/psico2.com\/es\/#organization"},"image":{"@id":"https:\/\/psico2.com\/es\/general\/mama-papa-volvera-a-pasar\/#primaryimage"},"thumbnailUrl":"https:\/\/psico2.com\/wp-content\/uploads\/2019\/02\/por-ninots.jpg","keywords":["miedos","emociones","inseguridad"],"articleSection":["Terapia infantil","General"],"inLanguage":"es"},{"@type":"WebPage","@id":"https:\/\/psico2.com\/es\/general\/mama-papa-volvera-a-pasar\/","url":"https:\/\/psico2.com\/es\/general\/mama-papa-volvera-a-pasar\/","name":"Mama, papa! volver\u00e1 a pasar? | Psico2 | Georgina Barcel\u00f3 i Alba Sabat\u00e9","isPartOf":{"@id":"https:\/\/psico2.com\/es\/#website"},"primaryImageOfPage":{"@id":"https:\/\/psico2.com\/es\/general\/mama-papa-volvera-a-pasar\/#primaryimage"},"image":{"@id":"https:\/\/psico2.com\/es\/general\/mama-papa-volvera-a-pasar\/#primaryimage"},"thumbnailUrl":"https:\/\/psico2.com\/wp-content\/uploads\/2019\/02\/por-ninots.jpg","datePublished":"2017-10-09T14:26:15+00:00","dateModified":"2019-03-29T14:48:21+00:00","description":"Estamos ante unos d\u00edas claramente especiales. Desde hace unos meses, vivimos situaciones que nos provocan emociones como la de miedo, rabia, frustraci\u00f3n y","breadcrumb":{"@id":"https:\/\/psico2.com\/es\/general\/mama-papa-volvera-a-pasar\/#breadcrumb"},"inLanguage":"es","potentialAction":[{"@type":"ReadAction","target":["https:\/\/psico2.com\/es\/general\/mama-papa-volvera-a-pasar\/"]}]},{"@type":"ImageObject","inLanguage":"es","@id":"https:\/\/psico2.com\/es\/general\/mama-papa-volvera-a-pasar\/#primaryimage","url":"https:\/\/psico2.com\/wp-content\/uploads\/2019\/02\/por-ninots.jpg","contentUrl":"https:\/\/psico2.com\/wp-content\/uploads\/2019\/02\/por-ninots.jpg","width":862,"height":720,"caption":"Psico 2 - Blog - por ninots"},{"@type":"BreadcrumbList","@id":"https:\/\/psico2.com\/es\/general\/mama-papa-volvera-a-pasar\/#breadcrumb","itemListElement":[{"@type":"ListItem","position":1,"name":"Inici","item":"https:\/\/psico2.com\/es\/"},{"@type":"ListItem","position":2,"name":"Mama, papa! volver\u00e1 a pasar?"}]},{"@type":"WebSite","@id":"https:\/\/psico2.com\/es\/#website","url":"https:\/\/psico2.com\/es\/","name":"Psico2","description":"Georgina Barcel\u00f3 i Alba Sabat\u00e9","publisher":{"@id":"https:\/\/psico2.com\/es\/#organization"},"potentialAction":[{"@type":"SearchAction","target":{"@type":"EntryPoint","urlTemplate":"https:\/\/psico2.com\/es\/?s={search_term_string}"},"query-input":{"@type":"PropertyValueSpecification","valueRequired":true,"valueName":"search_term_string"}}],"inLanguage":"es"},{"@type":"Organization","@id":"https:\/\/psico2.com\/es\/#organization","name":"Psico2","url":"https:\/\/psico2.com\/es\/","logo":{"@type":"ImageObject","inLanguage":"es","@id":"https:\/\/psico2.com\/es\/#\/schema\/logo\/image\/","url":"https:\/\/psico2.com\/wp-content\/uploads\/2019\/01\/logo.png","contentUrl":"https:\/\/psico2.com\/wp-content\/uploads\/2019\/01\/logo.png","width":512,"height":512,"caption":"Psico2"},"image":{"@id":"https:\/\/psico2.com\/es\/#\/schema\/logo\/image\/"},"sameAs":["https:\/\/www.facebook.com\/psico2psicologiaipsicopedagogia\/","https:\/\/www.instagram.com\/psico2.georginaialba\/","https:\/\/www.linkedin.com\/company\/psico2-psicologia-i-psicopedagogia\/about\/"]},{"@type":"Person","@id":"https:\/\/psico2.com\/es\/#\/schema\/person\/04c5c630b78e0a5aa0cd8fb06f710355","name":"Georgina Barcel\u00f3","image":{"@type":"ImageObject","inLanguage":"es","@id":"https:\/\/psico2.com\/es\/#\/schema\/person\/image\/","url":"https:\/\/secure.gravatar.com\/avatar\/f0e35fb2cd794feefeabfb4055b153e7312015d7fc9d940039c1bffc1a595c7a?s=96&d=mm&r=g","contentUrl":"https:\/\/secure.gravatar.com\/avatar\/f0e35fb2cd794feefeabfb4055b153e7312015d7fc9d940039c1bffc1a595c7a?s=96&d=mm&r=g","caption":"Georgina Barcel\u00f3"}}]}},"_links":{"self":[{"href":"https:\/\/psico2.com\/es\/wp-json\/wp\/v2\/posts\/732","targetHints":{"allow":["GET"]}}],"collection":[{"href":"https:\/\/psico2.com\/es\/wp-json\/wp\/v2\/posts"}],"about":[{"href":"https:\/\/psico2.com\/es\/wp-json\/wp\/v2\/types\/post"}],"author":[{"embeddable":true,"href":"https:\/\/psico2.com\/es\/wp-json\/wp\/v2\/users\/5"}],"replies":[{"embeddable":true,"href":"https:\/\/psico2.com\/es\/wp-json\/wp\/v2\/comments?post=732"}],"version-history":[{"count":1,"href":"https:\/\/psico2.com\/es\/wp-json\/wp\/v2\/posts\/732\/revisions"}],"predecessor-version":[{"id":1027,"href":"https:\/\/psico2.com\/es\/wp-json\/wp\/v2\/posts\/732\/revisions\/1027"}],"wp:featuredmedia":[{"embeddable":true,"href":"https:\/\/psico2.com\/es\/wp-json\/wp\/v2\/media\/293"}],"wp:attachment":[{"href":"https:\/\/psico2.com\/es\/wp-json\/wp\/v2\/media?parent=732"}],"wp:term":[{"taxonomy":"category","embeddable":true,"href":"https:\/\/psico2.com\/es\/wp-json\/wp\/v2\/categories?post=732"},{"taxonomy":"post_tag","embeddable":true,"href":"https:\/\/psico2.com\/es\/wp-json\/wp\/v2\/tags?post=732"}],"curies":[{"name":"wp","href":"https:\/\/api.w.org\/{rel}","templated":true}]}}