{"id":734,"date":"2017-11-16T14:26:15","date_gmt":"2017-11-16T14:26:15","guid":{"rendered":"https:\/\/psico2.com\/general\/y-si-me-separo-que-sera-de-mis-hijos\/"},"modified":"2019-03-29T14:47:24","modified_gmt":"2019-03-29T14:47:24","slug":"y-si-me-separo-que-sera-de-mis-hijos","status":"publish","type":"post","link":"https:\/\/psico2.com\/es\/general\/y-si-me-separo-que-sera-de-mis-hijos\/","title":{"rendered":"Y SI ME SEPARO &#8230; \u00bfQU\u00c9 SER\u00c1 DE MIS HIJOS?"},"content":{"rendered":"<p>El <strong>sufrimiento<\/strong> que vive una pareja que se est\u00e1 planteando una posible separaci\u00f3n es muy grande. Pero esta <strong>ansiedad, tristeza o miedo<\/strong> por lo que vendr\u00e1 o cambiar\u00e1, aumenta cuando estamos ante una situaci\u00f3n de separaci\u00f3n con hijos. Aunque, finalmente, esta <strong>decisi\u00f3n<\/strong> debe tomarse a nivel de<a href=\"https:\/\/psico2.com\/es\/amor-las-cosas-no-acaban-de-ir-bien-10-motivos-para-pedir-ayuda-a-un-profesional-ante-una-crisis-de-pareja\/\"><strong> pareja<\/strong>,<\/a> son muchas las veces que los padres y las madres se plantean si, ante el hecho de tener hijos, es mejor no romper la familia y seguir conviviendo juntos.<\/p>\n<p>Estudios psicol\u00f3gicos han demostrado que en una separaci\u00f3n lo pasan mal tanto los padres como los hijos y las hijas. Pero tambi\u00e9n apuntan que las <strong>discrepancias fuertes<\/strong> entre los dos progenitore<strong>s inciden m\u00e1s<\/strong> en la salud emocional de <strong>los hijos y las hijas<\/strong> que el convivir juntos o separados. Cuanto m\u00e1s deteriorada est\u00e9 la relaci\u00f3n, peor.<\/p>\n<p>Si finalmente la decisi\u00f3n es la de separarse, existen <u>3 REGLAS CLAVES<\/u> que ayudar\u00e1n a que los ni\u00f1os\/as sufran lo menos posible:<\/p>\n<ol>\n<li><strong>Se separan los padres y las madres, no los hijos e hijas<\/strong>: Por lo tanto, es la responsabilidad de los progenitores tomar las decisiones, ponerse de acuerdo y confeccionar la nueva organizaci\u00f3n familiar, dejando a los ni\u00f1os al margen de estas decisiones.<\/li>\n<li><strong>No descalificar al otro progenitor delante de los hijos\/as.<\/strong><\/li>\n<li><strong>Los hermanos tienen derecho a vivir y crecer juntos.<\/strong><\/li>\n<\/ol>\n<p>Teniendo en cuenta estas ideas claves, os quiero transmitir unas pautas que pueden acompa\u00f1ar en un proceso de separaci\u00f3n, donde el respeto por uno mismo y por el otro es muy importante, como pod\u00e9is comprobar.<\/p>\n<ul>\n<li>Hay que transmitir a los hijos que la decisi\u00f3n tomada est\u00e1 <strong>consensuada<\/strong> por los dos (aunque no sea as\u00ed).<\/li>\n<li>Hay que explicar la situaci\u00f3n cuando la <strong>decisi\u00f3n sea definitiva<\/strong>, teniendo en cuenta la edad del hijo\/a, con sencillez, sin atribuir culpas y de forma conjunta.<\/li>\n<li>No cerrar nunca la puerta de la <strong>comunicaci\u00f3n<\/strong>. Dejarla abierta para que nuestros hijos e hijas nos puedan preguntar cualquier duda y compartir sus emociones.<\/li>\n<li>Es necesaria la <strong>proximidad y el afecto<\/strong> por encima de todo. Que entiendan que os hab\u00e9is dejado de querer vosotros, pero que a ellos les segu\u00e9is amando igual. Es necesario que se sigan sintiendo seguros.<\/li>\n<li><strong>Comunicar <\/strong>c\u00f3mo ser\u00e1n los <strong>cambios<\/strong> y c\u00f3mo les afectar\u00e1n (nuevas rutinas, nuevos h\u00e1bitos, con quien vivir\u00e1n, donde, etc.). Esto les prepara.<\/li>\n<li><strong>No promet\u00e9is<\/strong> cosas que despu\u00e9s no pueda cumplir.<\/li>\n<li>En la explicaci\u00f3n hay que <strong>transmitir entereza<\/strong>, para no dejarlos preocupados. Incluso, explicar alguna ventaja sobre el hecho de separaros: tener dos habitaciones, vivir sin discusiones, etc.<\/li>\n<\/ul>\n<p>8Y \u00a1atenci\u00f3n! Hay que estar <strong>alerta a cualquier cambio importante <\/strong>que los hijos\/as puedan presentar, tales como conductas regresivas (no querer dormir solo\/a, hablar como un ni\u00f1o\/a menor, hacerse pipi encima, etc.) o tener menos hambre, dificultad para conciliar el sue\u00f1o o dificultades en los estudios.<\/p>\n<p style=\"text-align: right;\"><strong>\u00a1Y no dudes, si est\u00e1is en esta situaci\u00f3n, te puedo ayudar!<\/strong><\/p>\n<p style=\"text-align: right;\"><strong>Georgina Barcel\u00f3<\/strong><\/p>\n","protected":false},"excerpt":{"rendered":"<p>El sufrimiento que vive una pareja que se est\u00e1 planteando una posible separaci\u00f3n es muy grande. Pero esta ansiedad, tristeza o miedo por lo que vendr\u00e1 o cambiar\u00e1, aumenta cuando estamos ante una situaci\u00f3n de separaci\u00f3n con hijos. Aunque, finalmente, esta decisi\u00f3n debe tomarse a nivel de pareja, son muchas las veces que los padres [&hellip;]<\/p>\n","protected":false},"author":5,"featured_media":299,"comment_status":"closed","ping_status":"closed","sticky":false,"template":"","format":"standard","meta":{"footnotes":""},"categories":[187,5],"tags":[206,203,193],"class_list":["post-734","post","type-post","status-publish","format-standard","has-post-thumbnail","hentry","category-terapia-infantil-es","category-general","tag-emociones","tag-inseguridad","tag-aceptacion"],"yoast_head":"<!-- This site is optimized with the Yoast SEO plugin v27.1.1 - https:\/\/yoast.com\/product\/yoast-seo-wordpress\/ -->\n<title>Y SI ME SEPARO ... \u00bfQU\u00c9 SER\u00c1 DE MIS HIJOS? | Psico2 | Georgina Barcel\u00f3 i Alba Sabat\u00e9<\/title>\n<meta name=\"description\" content=\"El sufrimiento que vive una pareja que se est\u00e1 planteando una posible separaci\u00f3n es muy grande. Pero esta ansiedad, tristeza o miedo por lo que vendr\u00e1 o\" \/>\n<meta name=\"robots\" content=\"index, follow, max-snippet:-1, max-image-preview:large, max-video-preview:-1\" \/>\n<link rel=\"canonical\" href=\"https:\/\/psico2.com\/es\/general\/y-si-me-separo-que-sera-de-mis-hijos\/\" \/>\n<meta property=\"og:locale\" content=\"es_ES\" \/>\n<meta property=\"og:type\" content=\"article\" \/>\n<meta property=\"og:title\" content=\"Y SI ME SEPARO ... \u00bfQU\u00c9 SER\u00c1 DE MIS HIJOS? | Psico2 | Georgina Barcel\u00f3 i Alba Sabat\u00e9\" \/>\n<meta property=\"og:description\" content=\"El sufrimiento que vive una pareja que se est\u00e1 planteando una posible separaci\u00f3n es muy grande. Pero esta ansiedad, tristeza o miedo por lo que vendr\u00e1 o\" \/>\n<meta property=\"og:url\" content=\"https:\/\/psico2.com\/es\/general\/y-si-me-separo-que-sera-de-mis-hijos\/\" \/>\n<meta property=\"og:site_name\" content=\"Psico2\" \/>\n<meta property=\"article:publisher\" content=\"https:\/\/www.facebook.com\/psico2psicologiaipsicopedagogia\/\" \/>\n<meta property=\"article:published_time\" content=\"2017-11-16T14:26:15+00:00\" \/>\n<meta property=\"article:modified_time\" content=\"2019-03-29T14:47:24+00:00\" \/>\n<meta property=\"og:image\" content=\"https:\/\/psico2.com\/wp-content\/uploads\/2019\/02\/separaci\u00f3-amb-fills.jpg\" \/>\n\t<meta property=\"og:image:width\" content=\"640\" \/>\n\t<meta property=\"og:image:height\" content=\"427\" \/>\n\t<meta property=\"og:image:type\" content=\"image\/jpeg\" \/>\n<meta name=\"author\" content=\"Georgina Barcel\u00f3\" \/>\n<meta name=\"twitter:card\" content=\"summary_large_image\" \/>\n<meta name=\"twitter:label1\" content=\"Escrito por\" \/>\n\t<meta name=\"twitter:data1\" content=\"Georgina Barcel\u00f3\" \/>\n\t<meta name=\"twitter:label2\" content=\"Tiempo de lectura\" \/>\n\t<meta name=\"twitter:data2\" content=\"3 minutos\" \/>\n<script type=\"application\/ld+json\" class=\"yoast-schema-graph\">{\"@context\":\"https:\/\/schema.org\",\"@graph\":[{\"@type\":\"Article\",\"@id\":\"https:\/\/psico2.com\/es\/general\/y-si-me-separo-que-sera-de-mis-hijos\/#article\",\"isPartOf\":{\"@id\":\"https:\/\/psico2.com\/es\/general\/y-si-me-separo-que-sera-de-mis-hijos\/\"},\"author\":{\"name\":\"Georgina Barcel\u00f3\",\"@id\":\"https:\/\/psico2.com\/es\/#\/schema\/person\/04c5c630b78e0a5aa0cd8fb06f710355\"},\"headline\":\"Y SI ME SEPARO &#8230; \u00bfQU\u00c9 SER\u00c1 DE MIS HIJOS?\",\"datePublished\":\"2017-11-16T14:26:15+00:00\",\"dateModified\":\"2019-03-29T14:47:24+00:00\",\"mainEntityOfPage\":{\"@id\":\"https:\/\/psico2.com\/es\/general\/y-si-me-separo-que-sera-de-mis-hijos\/\"},\"wordCount\":522,\"publisher\":{\"@id\":\"https:\/\/psico2.com\/es\/#organization\"},\"image\":{\"@id\":\"https:\/\/psico2.com\/es\/general\/y-si-me-separo-que-sera-de-mis-hijos\/#primaryimage\"},\"thumbnailUrl\":\"https:\/\/psico2.com\/wp-content\/uploads\/2019\/02\/separaci\u00f3-amb-fills.jpg\",\"keywords\":[\"emociones\",\"inseguridad\",\"aceptaci\u00f3n\"],\"articleSection\":[\"Terapia infantil\",\"General\"],\"inLanguage\":\"es\"},{\"@type\":\"WebPage\",\"@id\":\"https:\/\/psico2.com\/es\/general\/y-si-me-separo-que-sera-de-mis-hijos\/\",\"url\":\"https:\/\/psico2.com\/es\/general\/y-si-me-separo-que-sera-de-mis-hijos\/\",\"name\":\"Y SI ME SEPARO ... \u00bfQU\u00c9 SER\u00c1 DE MIS HIJOS? | Psico2 | Georgina Barcel\u00f3 i Alba Sabat\u00e9\",\"isPartOf\":{\"@id\":\"https:\/\/psico2.com\/es\/#website\"},\"primaryImageOfPage\":{\"@id\":\"https:\/\/psico2.com\/es\/general\/y-si-me-separo-que-sera-de-mis-hijos\/#primaryimage\"},\"image\":{\"@id\":\"https:\/\/psico2.com\/es\/general\/y-si-me-separo-que-sera-de-mis-hijos\/#primaryimage\"},\"thumbnailUrl\":\"https:\/\/psico2.com\/wp-content\/uploads\/2019\/02\/separaci\u00f3-amb-fills.jpg\",\"datePublished\":\"2017-11-16T14:26:15+00:00\",\"dateModified\":\"2019-03-29T14:47:24+00:00\",\"description\":\"El sufrimiento que vive una pareja que se est\u00e1 planteando una posible separaci\u00f3n es muy grande. Pero esta ansiedad, tristeza o miedo por lo que vendr\u00e1 o\",\"breadcrumb\":{\"@id\":\"https:\/\/psico2.com\/es\/general\/y-si-me-separo-que-sera-de-mis-hijos\/#breadcrumb\"},\"inLanguage\":\"es\",\"potentialAction\":[{\"@type\":\"ReadAction\",\"target\":[\"https:\/\/psico2.com\/es\/general\/y-si-me-separo-que-sera-de-mis-hijos\/\"]}]},{\"@type\":\"ImageObject\",\"inLanguage\":\"es\",\"@id\":\"https:\/\/psico2.com\/es\/general\/y-si-me-separo-que-sera-de-mis-hijos\/#primaryimage\",\"url\":\"https:\/\/psico2.com\/wp-content\/uploads\/2019\/02\/separaci\u00f3-amb-fills.jpg\",\"contentUrl\":\"https:\/\/psico2.com\/wp-content\/uploads\/2019\/02\/separaci\u00f3-amb-fills.jpg\",\"width\":640,\"height\":427,\"caption\":\"Psico 2 - Blog - Left and right road sign on the road\"},{\"@type\":\"BreadcrumbList\",\"@id\":\"https:\/\/psico2.com\/es\/general\/y-si-me-separo-que-sera-de-mis-hijos\/#breadcrumb\",\"itemListElement\":[{\"@type\":\"ListItem\",\"position\":1,\"name\":\"Inici\",\"item\":\"https:\/\/psico2.com\/es\/\"},{\"@type\":\"ListItem\",\"position\":2,\"name\":\"Y SI ME SEPARO &#8230; \u00bfQU\u00c9 SER\u00c1 DE MIS HIJOS?\"}]},{\"@type\":\"WebSite\",\"@id\":\"https:\/\/psico2.com\/es\/#website\",\"url\":\"https:\/\/psico2.com\/es\/\",\"name\":\"Psico2\",\"description\":\"Georgina Barcel\u00f3 i Alba Sabat\u00e9\",\"publisher\":{\"@id\":\"https:\/\/psico2.com\/es\/#organization\"},\"potentialAction\":[{\"@type\":\"SearchAction\",\"target\":{\"@type\":\"EntryPoint\",\"urlTemplate\":\"https:\/\/psico2.com\/es\/?s={search_term_string}\"},\"query-input\":{\"@type\":\"PropertyValueSpecification\",\"valueRequired\":true,\"valueName\":\"search_term_string\"}}],\"inLanguage\":\"es\"},{\"@type\":\"Organization\",\"@id\":\"https:\/\/psico2.com\/es\/#organization\",\"name\":\"Psico2\",\"url\":\"https:\/\/psico2.com\/es\/\",\"logo\":{\"@type\":\"ImageObject\",\"inLanguage\":\"es\",\"@id\":\"https:\/\/psico2.com\/es\/#\/schema\/logo\/image\/\",\"url\":\"https:\/\/psico2.com\/wp-content\/uploads\/2019\/01\/logo.png\",\"contentUrl\":\"https:\/\/psico2.com\/wp-content\/uploads\/2019\/01\/logo.png\",\"width\":512,\"height\":512,\"caption\":\"Psico2\"},\"image\":{\"@id\":\"https:\/\/psico2.com\/es\/#\/schema\/logo\/image\/\"},\"sameAs\":[\"https:\/\/www.facebook.com\/psico2psicologiaipsicopedagogia\/\",\"https:\/\/www.instagram.com\/psico2.georginaialba\/\",\"https:\/\/www.linkedin.com\/company\/psico2-psicologia-i-psicopedagogia\/about\/\"]},{\"@type\":\"Person\",\"@id\":\"https:\/\/psico2.com\/es\/#\/schema\/person\/04c5c630b78e0a5aa0cd8fb06f710355\",\"name\":\"Georgina Barcel\u00f3\",\"image\":{\"@type\":\"ImageObject\",\"inLanguage\":\"es\",\"@id\":\"https:\/\/psico2.com\/es\/#\/schema\/person\/image\/\",\"url\":\"https:\/\/secure.gravatar.com\/avatar\/f0e35fb2cd794feefeabfb4055b153e7312015d7fc9d940039c1bffc1a595c7a?s=96&d=mm&r=g\",\"contentUrl\":\"https:\/\/secure.gravatar.com\/avatar\/f0e35fb2cd794feefeabfb4055b153e7312015d7fc9d940039c1bffc1a595c7a?s=96&d=mm&r=g\",\"caption\":\"Georgina Barcel\u00f3\"}}]}<\/script>\n<!-- \/ Yoast SEO plugin. -->","yoast_head_json":{"title":"Y SI ME SEPARO ... \u00bfQU\u00c9 SER\u00c1 DE MIS HIJOS? | Psico2 | Georgina Barcel\u00f3 i Alba Sabat\u00e9","description":"El sufrimiento que vive una pareja que se est\u00e1 planteando una posible separaci\u00f3n es muy grande. Pero esta ansiedad, tristeza o miedo por lo que vendr\u00e1 o","robots":{"index":"index","follow":"follow","max-snippet":"max-snippet:-1","max-image-preview":"max-image-preview:large","max-video-preview":"max-video-preview:-1"},"canonical":"https:\/\/psico2.com\/es\/general\/y-si-me-separo-que-sera-de-mis-hijos\/","og_locale":"es_ES","og_type":"article","og_title":"Y SI ME SEPARO ... \u00bfQU\u00c9 SER\u00c1 DE MIS HIJOS? | Psico2 | Georgina Barcel\u00f3 i Alba Sabat\u00e9","og_description":"El sufrimiento que vive una pareja que se est\u00e1 planteando una posible separaci\u00f3n es muy grande. Pero esta ansiedad, tristeza o miedo por lo que vendr\u00e1 o","og_url":"https:\/\/psico2.com\/es\/general\/y-si-me-separo-que-sera-de-mis-hijos\/","og_site_name":"Psico2","article_publisher":"https:\/\/www.facebook.com\/psico2psicologiaipsicopedagogia\/","article_published_time":"2017-11-16T14:26:15+00:00","article_modified_time":"2019-03-29T14:47:24+00:00","og_image":[{"width":640,"height":427,"url":"https:\/\/psico2.com\/wp-content\/uploads\/2019\/02\/separaci\u00f3-amb-fills.jpg","type":"image\/jpeg"}],"author":"Georgina Barcel\u00f3","twitter_card":"summary_large_image","twitter_misc":{"Escrito por":"Georgina Barcel\u00f3","Tiempo de lectura":"3 minutos"},"schema":{"@context":"https:\/\/schema.org","@graph":[{"@type":"Article","@id":"https:\/\/psico2.com\/es\/general\/y-si-me-separo-que-sera-de-mis-hijos\/#article","isPartOf":{"@id":"https:\/\/psico2.com\/es\/general\/y-si-me-separo-que-sera-de-mis-hijos\/"},"author":{"name":"Georgina Barcel\u00f3","@id":"https:\/\/psico2.com\/es\/#\/schema\/person\/04c5c630b78e0a5aa0cd8fb06f710355"},"headline":"Y SI ME SEPARO &#8230; \u00bfQU\u00c9 SER\u00c1 DE MIS HIJOS?","datePublished":"2017-11-16T14:26:15+00:00","dateModified":"2019-03-29T14:47:24+00:00","mainEntityOfPage":{"@id":"https:\/\/psico2.com\/es\/general\/y-si-me-separo-que-sera-de-mis-hijos\/"},"wordCount":522,"publisher":{"@id":"https:\/\/psico2.com\/es\/#organization"},"image":{"@id":"https:\/\/psico2.com\/es\/general\/y-si-me-separo-que-sera-de-mis-hijos\/#primaryimage"},"thumbnailUrl":"https:\/\/psico2.com\/wp-content\/uploads\/2019\/02\/separaci\u00f3-amb-fills.jpg","keywords":["emociones","inseguridad","aceptaci\u00f3n"],"articleSection":["Terapia infantil","General"],"inLanguage":"es"},{"@type":"WebPage","@id":"https:\/\/psico2.com\/es\/general\/y-si-me-separo-que-sera-de-mis-hijos\/","url":"https:\/\/psico2.com\/es\/general\/y-si-me-separo-que-sera-de-mis-hijos\/","name":"Y SI ME SEPARO ... \u00bfQU\u00c9 SER\u00c1 DE MIS HIJOS? | Psico2 | Georgina Barcel\u00f3 i Alba Sabat\u00e9","isPartOf":{"@id":"https:\/\/psico2.com\/es\/#website"},"primaryImageOfPage":{"@id":"https:\/\/psico2.com\/es\/general\/y-si-me-separo-que-sera-de-mis-hijos\/#primaryimage"},"image":{"@id":"https:\/\/psico2.com\/es\/general\/y-si-me-separo-que-sera-de-mis-hijos\/#primaryimage"},"thumbnailUrl":"https:\/\/psico2.com\/wp-content\/uploads\/2019\/02\/separaci\u00f3-amb-fills.jpg","datePublished":"2017-11-16T14:26:15+00:00","dateModified":"2019-03-29T14:47:24+00:00","description":"El sufrimiento que vive una pareja que se est\u00e1 planteando una posible separaci\u00f3n es muy grande. Pero esta ansiedad, tristeza o miedo por lo que vendr\u00e1 o","breadcrumb":{"@id":"https:\/\/psico2.com\/es\/general\/y-si-me-separo-que-sera-de-mis-hijos\/#breadcrumb"},"inLanguage":"es","potentialAction":[{"@type":"ReadAction","target":["https:\/\/psico2.com\/es\/general\/y-si-me-separo-que-sera-de-mis-hijos\/"]}]},{"@type":"ImageObject","inLanguage":"es","@id":"https:\/\/psico2.com\/es\/general\/y-si-me-separo-que-sera-de-mis-hijos\/#primaryimage","url":"https:\/\/psico2.com\/wp-content\/uploads\/2019\/02\/separaci\u00f3-amb-fills.jpg","contentUrl":"https:\/\/psico2.com\/wp-content\/uploads\/2019\/02\/separaci\u00f3-amb-fills.jpg","width":640,"height":427,"caption":"Psico 2 - Blog - Left and right road sign on the road"},{"@type":"BreadcrumbList","@id":"https:\/\/psico2.com\/es\/general\/y-si-me-separo-que-sera-de-mis-hijos\/#breadcrumb","itemListElement":[{"@type":"ListItem","position":1,"name":"Inici","item":"https:\/\/psico2.com\/es\/"},{"@type":"ListItem","position":2,"name":"Y SI ME SEPARO &#8230; \u00bfQU\u00c9 SER\u00c1 DE MIS HIJOS?"}]},{"@type":"WebSite","@id":"https:\/\/psico2.com\/es\/#website","url":"https:\/\/psico2.com\/es\/","name":"Psico2","description":"Georgina Barcel\u00f3 i Alba Sabat\u00e9","publisher":{"@id":"https:\/\/psico2.com\/es\/#organization"},"potentialAction":[{"@type":"SearchAction","target":{"@type":"EntryPoint","urlTemplate":"https:\/\/psico2.com\/es\/?s={search_term_string}"},"query-input":{"@type":"PropertyValueSpecification","valueRequired":true,"valueName":"search_term_string"}}],"inLanguage":"es"},{"@type":"Organization","@id":"https:\/\/psico2.com\/es\/#organization","name":"Psico2","url":"https:\/\/psico2.com\/es\/","logo":{"@type":"ImageObject","inLanguage":"es","@id":"https:\/\/psico2.com\/es\/#\/schema\/logo\/image\/","url":"https:\/\/psico2.com\/wp-content\/uploads\/2019\/01\/logo.png","contentUrl":"https:\/\/psico2.com\/wp-content\/uploads\/2019\/01\/logo.png","width":512,"height":512,"caption":"Psico2"},"image":{"@id":"https:\/\/psico2.com\/es\/#\/schema\/logo\/image\/"},"sameAs":["https:\/\/www.facebook.com\/psico2psicologiaipsicopedagogia\/","https:\/\/www.instagram.com\/psico2.georginaialba\/","https:\/\/www.linkedin.com\/company\/psico2-psicologia-i-psicopedagogia\/about\/"]},{"@type":"Person","@id":"https:\/\/psico2.com\/es\/#\/schema\/person\/04c5c630b78e0a5aa0cd8fb06f710355","name":"Georgina Barcel\u00f3","image":{"@type":"ImageObject","inLanguage":"es","@id":"https:\/\/psico2.com\/es\/#\/schema\/person\/image\/","url":"https:\/\/secure.gravatar.com\/avatar\/f0e35fb2cd794feefeabfb4055b153e7312015d7fc9d940039c1bffc1a595c7a?s=96&d=mm&r=g","contentUrl":"https:\/\/secure.gravatar.com\/avatar\/f0e35fb2cd794feefeabfb4055b153e7312015d7fc9d940039c1bffc1a595c7a?s=96&d=mm&r=g","caption":"Georgina Barcel\u00f3"}}]}},"_links":{"self":[{"href":"https:\/\/psico2.com\/es\/wp-json\/wp\/v2\/posts\/734","targetHints":{"allow":["GET"]}}],"collection":[{"href":"https:\/\/psico2.com\/es\/wp-json\/wp\/v2\/posts"}],"about":[{"href":"https:\/\/psico2.com\/es\/wp-json\/wp\/v2\/types\/post"}],"author":[{"embeddable":true,"href":"https:\/\/psico2.com\/es\/wp-json\/wp\/v2\/users\/5"}],"replies":[{"embeddable":true,"href":"https:\/\/psico2.com\/es\/wp-json\/wp\/v2\/comments?post=734"}],"version-history":[{"count":1,"href":"https:\/\/psico2.com\/es\/wp-json\/wp\/v2\/posts\/734\/revisions"}],"predecessor-version":[{"id":958,"href":"https:\/\/psico2.com\/es\/wp-json\/wp\/v2\/posts\/734\/revisions\/958"}],"wp:featuredmedia":[{"embeddable":true,"href":"https:\/\/psico2.com\/es\/wp-json\/wp\/v2\/media\/299"}],"wp:attachment":[{"href":"https:\/\/psico2.com\/es\/wp-json\/wp\/v2\/media?parent=734"}],"wp:term":[{"taxonomy":"category","embeddable":true,"href":"https:\/\/psico2.com\/es\/wp-json\/wp\/v2\/categories?post=734"},{"taxonomy":"post_tag","embeddable":true,"href":"https:\/\/psico2.com\/es\/wp-json\/wp\/v2\/tags?post=734"}],"curies":[{"name":"wp","href":"https:\/\/api.w.org\/{rel}","templated":true}]}}