{"id":737,"date":"2018-04-05T14:26:15","date_gmt":"2018-04-05T14:26:15","guid":{"rendered":"https:\/\/psico2.com\/general\/solo-respira-un-documental-que-ensena-a-los-ninos-a-gestionar-el-enfado-a-traves-respiracion\/"},"modified":"2019-03-29T14:45:18","modified_gmt":"2019-03-29T14:45:18","slug":"solo-respira-un-documental-que-ensena-a-los-ninos-a-gestionar-el-enfado-a-traves-respiracion","status":"publish","type":"post","link":"https:\/\/psico2.com\/es\/general\/solo-respira-un-documental-que-ensena-a-los-ninos-a-gestionar-el-enfado-a-traves-respiracion\/","title":{"rendered":"\u00abSOLO RESPIRA\u00bb, un documental que ense\u00f1a a los ni\u00f1os a gestionar el enfado a trav\u00e9s respiraci\u00f3n"},"content":{"rendered":"<p><iframe loading=\"lazy\" title=\"Solo Respira, los ni\u00f1os nos ense\u00f1an como manejar las emociones.\" width=\"500\" height=\"281\" src=\"https:\/\/www.youtube.com\/embed\/lnDifgPuhHI?feature=oembed\" frameborder=\"0\" allow=\"accelerometer; autoplay; clipboard-write; encrypted-media; gyroscope; picture-in-picture; web-share\" referrerpolicy=\"strict-origin-when-cross-origin\" allowfullscreen><\/iframe><\/p>\n","protected":false},"excerpt":{"rendered":"","protected":false},"author":5,"featured_media":0,"comment_status":"closed","ping_status":"closed","sticky":false,"template":"","format":"standard","meta":{"footnotes":""},"categories":[212,187,5],"tags":[206,203,193],"class_list":["post-737","post","type-post","status-publish","format-standard","hentry","category-mindfulness-es","category-terapia-infantil-es","category-general","tag-emociones","tag-inseguridad","tag-aceptacion"],"yoast_head":"<!-- This site is optimized with the Yoast SEO plugin v27.1.1 - https:\/\/yoast.com\/product\/yoast-seo-wordpress\/ -->\n<title>&quot;SOLO RESPIRA&quot;, un documental que ense\u00f1a a los ni\u00f1os a gestionar el enfado a trav\u00e9s respiraci\u00f3n | Psico2 | Georgina Barcel\u00f3 i Alba Sabat\u00e9<\/title>\n<meta name=\"robots\" content=\"index, follow, max-snippet:-1, max-image-preview:large, max-video-preview:-1\" \/>\n<link rel=\"canonical\" href=\"https:\/\/psico2.com\/es\/general\/solo-respira-un-documental-que-ensena-a-los-ninos-a-gestionar-el-enfado-a-traves-respiracion\/\" \/>\n<meta property=\"og:locale\" content=\"es_ES\" \/>\n<meta property=\"og:type\" content=\"article\" \/>\n<meta property=\"og:title\" content=\"&quot;SOLO RESPIRA&quot;, un documental que ense\u00f1a a los ni\u00f1os a gestionar el enfado a trav\u00e9s respiraci\u00f3n | Psico2 | Georgina Barcel\u00f3 i Alba Sabat\u00e9\" \/>\n<meta property=\"og:url\" content=\"https:\/\/psico2.com\/es\/general\/solo-respira-un-documental-que-ensena-a-los-ninos-a-gestionar-el-enfado-a-traves-respiracion\/\" \/>\n<meta property=\"og:site_name\" content=\"Psico2\" \/>\n<meta property=\"article:publisher\" content=\"https:\/\/www.facebook.com\/psico2psicologiaipsicopedagogia\/\" \/>\n<meta property=\"article:published_time\" content=\"2018-04-05T14:26:15+00:00\" \/>\n<meta property=\"article:modified_time\" content=\"2019-03-29T14:45:18+00:00\" \/>\n<meta property=\"og:image\" content=\"https:\/\/psico2.com\/wp-content\/uploads\/2019\/01\/logo.png\" \/>\n\t<meta property=\"og:image:width\" content=\"512\" \/>\n\t<meta property=\"og:image:height\" content=\"512\" \/>\n\t<meta property=\"og:image:type\" content=\"image\/png\" \/>\n<meta name=\"author\" content=\"Georgina Barcel\u00f3\" \/>\n<meta name=\"twitter:card\" content=\"summary_large_image\" \/>\n<meta name=\"twitter:label1\" content=\"Escrito por\" \/>\n\t<meta name=\"twitter:data1\" content=\"Georgina Barcel\u00f3\" \/>\n<script type=\"application\/ld+json\" class=\"yoast-schema-graph\">{\"@context\":\"https:\/\/schema.org\",\"@graph\":[{\"@type\":\"Article\",\"@id\":\"https:\/\/psico2.com\/es\/general\/solo-respira-un-documental-que-ensena-a-los-ninos-a-gestionar-el-enfado-a-traves-respiracion\/#article\",\"isPartOf\":{\"@id\":\"https:\/\/psico2.com\/es\/general\/solo-respira-un-documental-que-ensena-a-los-ninos-a-gestionar-el-enfado-a-traves-respiracion\/\"},\"author\":{\"name\":\"Georgina Barcel\u00f3\",\"@id\":\"https:\/\/psico2.com\/es\/#\/schema\/person\/04c5c630b78e0a5aa0cd8fb06f710355\"},\"headline\":\"\u00abSOLO RESPIRA\u00bb, un documental que ense\u00f1a a los ni\u00f1os a gestionar el enfado a trav\u00e9s respiraci\u00f3n\",\"datePublished\":\"2018-04-05T14:26:15+00:00\",\"dateModified\":\"2019-03-29T14:45:18+00:00\",\"mainEntityOfPage\":{\"@id\":\"https:\/\/psico2.com\/es\/general\/solo-respira-un-documental-que-ensena-a-los-ninos-a-gestionar-el-enfado-a-traves-respiracion\/\"},\"wordCount\":26,\"publisher\":{\"@id\":\"https:\/\/psico2.com\/es\/#organization\"},\"keywords\":[\"emociones\",\"inseguridad\",\"aceptaci\u00f3n\"],\"articleSection\":[\"Mindfulness\",\"Terapia infantil\",\"General\"],\"inLanguage\":\"es\"},{\"@type\":\"WebPage\",\"@id\":\"https:\/\/psico2.com\/es\/general\/solo-respira-un-documental-que-ensena-a-los-ninos-a-gestionar-el-enfado-a-traves-respiracion\/\",\"url\":\"https:\/\/psico2.com\/es\/general\/solo-respira-un-documental-que-ensena-a-los-ninos-a-gestionar-el-enfado-a-traves-respiracion\/\",\"name\":\"\\\"SOLO RESPIRA\\\", un documental que ense\u00f1a a los ni\u00f1os a gestionar el enfado a trav\u00e9s respiraci\u00f3n | Psico2 | Georgina Barcel\u00f3 i Alba Sabat\u00e9\",\"isPartOf\":{\"@id\":\"https:\/\/psico2.com\/es\/#website\"},\"datePublished\":\"2018-04-05T14:26:15+00:00\",\"dateModified\":\"2019-03-29T14:45:18+00:00\",\"breadcrumb\":{\"@id\":\"https:\/\/psico2.com\/es\/general\/solo-respira-un-documental-que-ensena-a-los-ninos-a-gestionar-el-enfado-a-traves-respiracion\/#breadcrumb\"},\"inLanguage\":\"es\",\"potentialAction\":[{\"@type\":\"ReadAction\",\"target\":[\"https:\/\/psico2.com\/es\/general\/solo-respira-un-documental-que-ensena-a-los-ninos-a-gestionar-el-enfado-a-traves-respiracion\/\"]}]},{\"@type\":\"BreadcrumbList\",\"@id\":\"https:\/\/psico2.com\/es\/general\/solo-respira-un-documental-que-ensena-a-los-ninos-a-gestionar-el-enfado-a-traves-respiracion\/#breadcrumb\",\"itemListElement\":[{\"@type\":\"ListItem\",\"position\":1,\"name\":\"Inici\",\"item\":\"https:\/\/psico2.com\/es\/\"},{\"@type\":\"ListItem\",\"position\":2,\"name\":\"\u00abSOLO RESPIRA\u00bb, un documental que ense\u00f1a a los ni\u00f1os a gestionar el enfado a trav\u00e9s respiraci\u00f3n\"}]},{\"@type\":\"WebSite\",\"@id\":\"https:\/\/psico2.com\/es\/#website\",\"url\":\"https:\/\/psico2.com\/es\/\",\"name\":\"Psico2\",\"description\":\"Georgina Barcel\u00f3 i Alba Sabat\u00e9\",\"publisher\":{\"@id\":\"https:\/\/psico2.com\/es\/#organization\"},\"potentialAction\":[{\"@type\":\"SearchAction\",\"target\":{\"@type\":\"EntryPoint\",\"urlTemplate\":\"https:\/\/psico2.com\/es\/?s={search_term_string}\"},\"query-input\":{\"@type\":\"PropertyValueSpecification\",\"valueRequired\":true,\"valueName\":\"search_term_string\"}}],\"inLanguage\":\"es\"},{\"@type\":\"Organization\",\"@id\":\"https:\/\/psico2.com\/es\/#organization\",\"name\":\"Psico2\",\"url\":\"https:\/\/psico2.com\/es\/\",\"logo\":{\"@type\":\"ImageObject\",\"inLanguage\":\"es\",\"@id\":\"https:\/\/psico2.com\/es\/#\/schema\/logo\/image\/\",\"url\":\"https:\/\/psico2.com\/wp-content\/uploads\/2019\/01\/logo.png\",\"contentUrl\":\"https:\/\/psico2.com\/wp-content\/uploads\/2019\/01\/logo.png\",\"width\":512,\"height\":512,\"caption\":\"Psico2\"},\"image\":{\"@id\":\"https:\/\/psico2.com\/es\/#\/schema\/logo\/image\/\"},\"sameAs\":[\"https:\/\/www.facebook.com\/psico2psicologiaipsicopedagogia\/\",\"https:\/\/www.instagram.com\/psico2.georginaialba\/\",\"https:\/\/www.linkedin.com\/company\/psico2-psicologia-i-psicopedagogia\/about\/\"]},{\"@type\":\"Person\",\"@id\":\"https:\/\/psico2.com\/es\/#\/schema\/person\/04c5c630b78e0a5aa0cd8fb06f710355\",\"name\":\"Georgina Barcel\u00f3\",\"image\":{\"@type\":\"ImageObject\",\"inLanguage\":\"es\",\"@id\":\"https:\/\/psico2.com\/es\/#\/schema\/person\/image\/\",\"url\":\"https:\/\/secure.gravatar.com\/avatar\/f0e35fb2cd794feefeabfb4055b153e7312015d7fc9d940039c1bffc1a595c7a?s=96&d=mm&r=g\",\"contentUrl\":\"https:\/\/secure.gravatar.com\/avatar\/f0e35fb2cd794feefeabfb4055b153e7312015d7fc9d940039c1bffc1a595c7a?s=96&d=mm&r=g\",\"caption\":\"Georgina Barcel\u00f3\"}}]}<\/script>\n<!-- \/ Yoast SEO plugin. -->","yoast_head_json":{"title":"\"SOLO RESPIRA\", un documental que ense\u00f1a a los ni\u00f1os a gestionar el enfado a trav\u00e9s respiraci\u00f3n | Psico2 | Georgina Barcel\u00f3 i Alba Sabat\u00e9","robots":{"index":"index","follow":"follow","max-snippet":"max-snippet:-1","max-image-preview":"max-image-preview:large","max-video-preview":"max-video-preview:-1"},"canonical":"https:\/\/psico2.com\/es\/general\/solo-respira-un-documental-que-ensena-a-los-ninos-a-gestionar-el-enfado-a-traves-respiracion\/","og_locale":"es_ES","og_type":"article","og_title":"\"SOLO RESPIRA\", un documental que ense\u00f1a a los ni\u00f1os a gestionar el enfado a trav\u00e9s respiraci\u00f3n | Psico2 | Georgina Barcel\u00f3 i Alba Sabat\u00e9","og_url":"https:\/\/psico2.com\/es\/general\/solo-respira-un-documental-que-ensena-a-los-ninos-a-gestionar-el-enfado-a-traves-respiracion\/","og_site_name":"Psico2","article_publisher":"https:\/\/www.facebook.com\/psico2psicologiaipsicopedagogia\/","article_published_time":"2018-04-05T14:26:15+00:00","article_modified_time":"2019-03-29T14:45:18+00:00","og_image":[{"width":512,"height":512,"url":"https:\/\/psico2.com\/wp-content\/uploads\/2019\/01\/logo.png","type":"image\/png"}],"author":"Georgina Barcel\u00f3","twitter_card":"summary_large_image","twitter_misc":{"Escrito por":"Georgina Barcel\u00f3"},"schema":{"@context":"https:\/\/schema.org","@graph":[{"@type":"Article","@id":"https:\/\/psico2.com\/es\/general\/solo-respira-un-documental-que-ensena-a-los-ninos-a-gestionar-el-enfado-a-traves-respiracion\/#article","isPartOf":{"@id":"https:\/\/psico2.com\/es\/general\/solo-respira-un-documental-que-ensena-a-los-ninos-a-gestionar-el-enfado-a-traves-respiracion\/"},"author":{"name":"Georgina Barcel\u00f3","@id":"https:\/\/psico2.com\/es\/#\/schema\/person\/04c5c630b78e0a5aa0cd8fb06f710355"},"headline":"\u00abSOLO RESPIRA\u00bb, un documental que ense\u00f1a a los ni\u00f1os a gestionar el enfado a trav\u00e9s respiraci\u00f3n","datePublished":"2018-04-05T14:26:15+00:00","dateModified":"2019-03-29T14:45:18+00:00","mainEntityOfPage":{"@id":"https:\/\/psico2.com\/es\/general\/solo-respira-un-documental-que-ensena-a-los-ninos-a-gestionar-el-enfado-a-traves-respiracion\/"},"wordCount":26,"publisher":{"@id":"https:\/\/psico2.com\/es\/#organization"},"keywords":["emociones","inseguridad","aceptaci\u00f3n"],"articleSection":["Mindfulness","Terapia infantil","General"],"inLanguage":"es"},{"@type":"WebPage","@id":"https:\/\/psico2.com\/es\/general\/solo-respira-un-documental-que-ensena-a-los-ninos-a-gestionar-el-enfado-a-traves-respiracion\/","url":"https:\/\/psico2.com\/es\/general\/solo-respira-un-documental-que-ensena-a-los-ninos-a-gestionar-el-enfado-a-traves-respiracion\/","name":"\"SOLO RESPIRA\", un documental que ense\u00f1a a los ni\u00f1os a gestionar el enfado a trav\u00e9s respiraci\u00f3n | Psico2 | Georgina Barcel\u00f3 i Alba Sabat\u00e9","isPartOf":{"@id":"https:\/\/psico2.com\/es\/#website"},"datePublished":"2018-04-05T14:26:15+00:00","dateModified":"2019-03-29T14:45:18+00:00","breadcrumb":{"@id":"https:\/\/psico2.com\/es\/general\/solo-respira-un-documental-que-ensena-a-los-ninos-a-gestionar-el-enfado-a-traves-respiracion\/#breadcrumb"},"inLanguage":"es","potentialAction":[{"@type":"ReadAction","target":["https:\/\/psico2.com\/es\/general\/solo-respira-un-documental-que-ensena-a-los-ninos-a-gestionar-el-enfado-a-traves-respiracion\/"]}]},{"@type":"BreadcrumbList","@id":"https:\/\/psico2.com\/es\/general\/solo-respira-un-documental-que-ensena-a-los-ninos-a-gestionar-el-enfado-a-traves-respiracion\/#breadcrumb","itemListElement":[{"@type":"ListItem","position":1,"name":"Inici","item":"https:\/\/psico2.com\/es\/"},{"@type":"ListItem","position":2,"name":"\u00abSOLO RESPIRA\u00bb, un documental que ense\u00f1a a los ni\u00f1os a gestionar el enfado a trav\u00e9s respiraci\u00f3n"}]},{"@type":"WebSite","@id":"https:\/\/psico2.com\/es\/#website","url":"https:\/\/psico2.com\/es\/","name":"Psico2","description":"Georgina Barcel\u00f3 i Alba Sabat\u00e9","publisher":{"@id":"https:\/\/psico2.com\/es\/#organization"},"potentialAction":[{"@type":"SearchAction","target":{"@type":"EntryPoint","urlTemplate":"https:\/\/psico2.com\/es\/?s={search_term_string}"},"query-input":{"@type":"PropertyValueSpecification","valueRequired":true,"valueName":"search_term_string"}}],"inLanguage":"es"},{"@type":"Organization","@id":"https:\/\/psico2.com\/es\/#organization","name":"Psico2","url":"https:\/\/psico2.com\/es\/","logo":{"@type":"ImageObject","inLanguage":"es","@id":"https:\/\/psico2.com\/es\/#\/schema\/logo\/image\/","url":"https:\/\/psico2.com\/wp-content\/uploads\/2019\/01\/logo.png","contentUrl":"https:\/\/psico2.com\/wp-content\/uploads\/2019\/01\/logo.png","width":512,"height":512,"caption":"Psico2"},"image":{"@id":"https:\/\/psico2.com\/es\/#\/schema\/logo\/image\/"},"sameAs":["https:\/\/www.facebook.com\/psico2psicologiaipsicopedagogia\/","https:\/\/www.instagram.com\/psico2.georginaialba\/","https:\/\/www.linkedin.com\/company\/psico2-psicologia-i-psicopedagogia\/about\/"]},{"@type":"Person","@id":"https:\/\/psico2.com\/es\/#\/schema\/person\/04c5c630b78e0a5aa0cd8fb06f710355","name":"Georgina Barcel\u00f3","image":{"@type":"ImageObject","inLanguage":"es","@id":"https:\/\/psico2.com\/es\/#\/schema\/person\/image\/","url":"https:\/\/secure.gravatar.com\/avatar\/f0e35fb2cd794feefeabfb4055b153e7312015d7fc9d940039c1bffc1a595c7a?s=96&d=mm&r=g","contentUrl":"https:\/\/secure.gravatar.com\/avatar\/f0e35fb2cd794feefeabfb4055b153e7312015d7fc9d940039c1bffc1a595c7a?s=96&d=mm&r=g","caption":"Georgina Barcel\u00f3"}}]}},"_links":{"self":[{"href":"https:\/\/psico2.com\/es\/wp-json\/wp\/v2\/posts\/737","targetHints":{"allow":["GET"]}}],"collection":[{"href":"https:\/\/psico2.com\/es\/wp-json\/wp\/v2\/posts"}],"about":[{"href":"https:\/\/psico2.com\/es\/wp-json\/wp\/v2\/types\/post"}],"author":[{"embeddable":true,"href":"https:\/\/psico2.com\/es\/wp-json\/wp\/v2\/users\/5"}],"replies":[{"embeddable":true,"href":"https:\/\/psico2.com\/es\/wp-json\/wp\/v2\/comments?post=737"}],"version-history":[{"count":1,"href":"https:\/\/psico2.com\/es\/wp-json\/wp\/v2\/posts\/737\/revisions"}],"predecessor-version":[{"id":1029,"href":"https:\/\/psico2.com\/es\/wp-json\/wp\/v2\/posts\/737\/revisions\/1029"}],"wp:attachment":[{"href":"https:\/\/psico2.com\/es\/wp-json\/wp\/v2\/media?parent=737"}],"wp:term":[{"taxonomy":"category","embeddable":true,"href":"https:\/\/psico2.com\/es\/wp-json\/wp\/v2\/categories?post=737"},{"taxonomy":"post_tag","embeddable":true,"href":"https:\/\/psico2.com\/es\/wp-json\/wp\/v2\/tags?post=737"}],"curies":[{"name":"wp","href":"https:\/\/api.w.org\/{rel}","templated":true}]}}