{"id":739,"date":"2015-11-18T14:26:15","date_gmt":"2015-11-18T14:26:15","guid":{"rendered":"https:\/\/psico2.com\/general\/salimos-en-la-prensa-el-jardi-de-sant-gervasi\/"},"modified":"2019-03-29T15:02:24","modified_gmt":"2019-03-29T15:02:24","slug":"salimos-en-la-prensa-el-jardi-de-sant-gervasi","status":"publish","type":"post","link":"https:\/\/psico2.com\/es\/general\/salimos-en-la-prensa-el-jardi-de-sant-gervasi\/","title":{"rendered":"Salimos en la prensa \u00abEl Jard\u00ed de Sant Gervasi\u00bb"},"content":{"rendered":"<p>Desde hoy, pod\u00e9is encontrar el art\u00edculo \u00bb El aprendizaje actual en la escuela\u00bb escrito por Psico2 , al periodico gratuito del barrio de Sant Gervasi. Lo encontrar\u00e9is en muchos de los bares y tiendas del barrio.<\/p>\n<p>Para aquellos que que no teng\u00e1is acceso a \u00e9l \u00a0o sois de los que os gusta utilizar las nuevas tecnolog\u00edas, tambi\u00e9n os facilitamos el link del periodico en pdf :<\/p>\n<p>http:\/\/eljardidesantgervasi.cat\/wp-content\/uploads\/2015\/11\/El-jardi_12_web.pdf<\/p>\n<p>Muchas gracias<\/p>\n<p>Equipo de Psico2<\/p>\n","protected":false},"excerpt":{"rendered":"<p>Desde hoy, pod\u00e9is encontrar el art\u00edculo \u00bb El aprendizaje actual en la escuela\u00bb escrito por Psico2 , al periodico gratuito del barrio de Sant Gervasi. Lo encontrar\u00e9is en muchos de los bares y tiendas del barrio. Para aquellos que que no teng\u00e1is acceso a \u00e9l \u00a0o sois de los que os gusta utilizar las nuevas [&hellip;]<\/p>\n","protected":false},"author":2,"featured_media":357,"comment_status":"closed","ping_status":"closed","sticky":false,"template":"","format":"standard","meta":{"footnotes":""},"categories":[5],"tags":[206],"class_list":["post-739","post","type-post","status-publish","format-standard","has-post-thumbnail","hentry","category-general","tag-emociones"],"yoast_head":"<!-- This site is optimized with the Yoast SEO plugin v27.1.1 - https:\/\/yoast.com\/product\/yoast-seo-wordpress\/ -->\n<title>Salimos en la prensa &quot;El Jard\u00ed de Sant Gervasi&quot; | Psico2 | Georgina Barcel\u00f3 i Alba Sabat\u00e9<\/title>\n<meta name=\"description\" content=\"Desde hoy, pod\u00e9is encontrar el art\u00edculo &quot; El aprendizaje actual en la escuela&quot; escrito por Psico2 , al periodico gratuito del barrio de Sant Gervasi. Lo\" \/>\n<meta name=\"robots\" content=\"index, follow, max-snippet:-1, max-image-preview:large, max-video-preview:-1\" \/>\n<link rel=\"canonical\" href=\"https:\/\/psico2.com\/es\/general\/salimos-en-la-prensa-el-jardi-de-sant-gervasi\/\" \/>\n<meta property=\"og:locale\" content=\"es_ES\" \/>\n<meta property=\"og:type\" content=\"article\" \/>\n<meta property=\"og:title\" content=\"Salimos en la prensa &quot;El Jard\u00ed de Sant Gervasi&quot; | Psico2 | Georgina Barcel\u00f3 i Alba Sabat\u00e9\" \/>\n<meta property=\"og:description\" content=\"Desde hoy, pod\u00e9is encontrar el art\u00edculo &quot; El aprendizaje actual en la escuela&quot; escrito por Psico2 , al periodico gratuito del barrio de Sant Gervasi. Lo\" \/>\n<meta property=\"og:url\" content=\"https:\/\/psico2.com\/es\/general\/salimos-en-la-prensa-el-jardi-de-sant-gervasi\/\" \/>\n<meta property=\"og:site_name\" content=\"Psico2\" \/>\n<meta property=\"article:publisher\" content=\"https:\/\/www.facebook.com\/psico2psicologiaipsicopedagogia\/\" \/>\n<meta property=\"article:published_time\" content=\"2015-11-18T14:26:15+00:00\" \/>\n<meta property=\"article:modified_time\" content=\"2019-03-29T15:02:24+00:00\" \/>\n<meta property=\"og:image\" content=\"https:\/\/psico2.com\/wp-content\/uploads\/2019\/02\/Psico2-al-Jard\u00ed-23.jpg\" \/>\n\t<meta property=\"og:image:width\" content=\"1498\" \/>\n\t<meta property=\"og:image:height\" content=\"1011\" \/>\n\t<meta property=\"og:image:type\" content=\"image\/jpeg\" \/>\n<meta name=\"author\" content=\"Psico2\" \/>\n<meta name=\"twitter:card\" content=\"summary_large_image\" \/>\n<meta name=\"twitter:label1\" content=\"Escrito por\" \/>\n\t<meta name=\"twitter:data1\" content=\"Psico2\" \/>\n<script type=\"application\/ld+json\" class=\"yoast-schema-graph\">{\"@context\":\"https:\/\/schema.org\",\"@graph\":[{\"@type\":\"Article\",\"@id\":\"https:\/\/psico2.com\/es\/general\/salimos-en-la-prensa-el-jardi-de-sant-gervasi\/#article\",\"isPartOf\":{\"@id\":\"https:\/\/psico2.com\/es\/general\/salimos-en-la-prensa-el-jardi-de-sant-gervasi\/\"},\"author\":{\"name\":\"Psico2\",\"@id\":\"https:\/\/psico2.com\/es\/#\/schema\/person\/9cc6b0e94e6eda73566edcb78f52eeff\"},\"headline\":\"Salimos en la prensa \u00abEl Jard\u00ed de Sant Gervasi\u00bb\",\"datePublished\":\"2015-11-18T14:26:15+00:00\",\"dateModified\":\"2019-03-29T15:02:24+00:00\",\"mainEntityOfPage\":{\"@id\":\"https:\/\/psico2.com\/es\/general\/salimos-en-la-prensa-el-jardi-de-sant-gervasi\/\"},\"wordCount\":91,\"publisher\":{\"@id\":\"https:\/\/psico2.com\/es\/#organization\"},\"image\":{\"@id\":\"https:\/\/psico2.com\/es\/general\/salimos-en-la-prensa-el-jardi-de-sant-gervasi\/#primaryimage\"},\"thumbnailUrl\":\"https:\/\/psico2.com\/wp-content\/uploads\/2019\/02\/Psico2-al-Jard\u00ed-23.jpg\",\"keywords\":[\"emociones\"],\"articleSection\":[\"General\"],\"inLanguage\":\"es\"},{\"@type\":\"WebPage\",\"@id\":\"https:\/\/psico2.com\/es\/general\/salimos-en-la-prensa-el-jardi-de-sant-gervasi\/\",\"url\":\"https:\/\/psico2.com\/es\/general\/salimos-en-la-prensa-el-jardi-de-sant-gervasi\/\",\"name\":\"Salimos en la prensa \\\"El Jard\u00ed de Sant Gervasi\\\" | Psico2 | Georgina Barcel\u00f3 i Alba Sabat\u00e9\",\"isPartOf\":{\"@id\":\"https:\/\/psico2.com\/es\/#website\"},\"primaryImageOfPage\":{\"@id\":\"https:\/\/psico2.com\/es\/general\/salimos-en-la-prensa-el-jardi-de-sant-gervasi\/#primaryimage\"},\"image\":{\"@id\":\"https:\/\/psico2.com\/es\/general\/salimos-en-la-prensa-el-jardi-de-sant-gervasi\/#primaryimage\"},\"thumbnailUrl\":\"https:\/\/psico2.com\/wp-content\/uploads\/2019\/02\/Psico2-al-Jard\u00ed-23.jpg\",\"datePublished\":\"2015-11-18T14:26:15+00:00\",\"dateModified\":\"2019-03-29T15:02:24+00:00\",\"description\":\"Desde hoy, pod\u00e9is encontrar el art\u00edculo \\\" El aprendizaje actual en la escuela\\\" escrito por Psico2 , al periodico gratuito del barrio de Sant Gervasi. Lo\",\"breadcrumb\":{\"@id\":\"https:\/\/psico2.com\/es\/general\/salimos-en-la-prensa-el-jardi-de-sant-gervasi\/#breadcrumb\"},\"inLanguage\":\"es\",\"potentialAction\":[{\"@type\":\"ReadAction\",\"target\":[\"https:\/\/psico2.com\/es\/general\/salimos-en-la-prensa-el-jardi-de-sant-gervasi\/\"]}]},{\"@type\":\"ImageObject\",\"inLanguage\":\"es\",\"@id\":\"https:\/\/psico2.com\/es\/general\/salimos-en-la-prensa-el-jardi-de-sant-gervasi\/#primaryimage\",\"url\":\"https:\/\/psico2.com\/wp-content\/uploads\/2019\/02\/Psico2-al-Jard\u00ed-23.jpg\",\"contentUrl\":\"https:\/\/psico2.com\/wp-content\/uploads\/2019\/02\/Psico2-al-Jard\u00ed-23.jpg\",\"width\":1498,\"height\":1011,\"caption\":\"Psico 2 - Blog - psicologia infantil\"},{\"@type\":\"BreadcrumbList\",\"@id\":\"https:\/\/psico2.com\/es\/general\/salimos-en-la-prensa-el-jardi-de-sant-gervasi\/#breadcrumb\",\"itemListElement\":[{\"@type\":\"ListItem\",\"position\":1,\"name\":\"Inici\",\"item\":\"https:\/\/psico2.com\/es\/\"},{\"@type\":\"ListItem\",\"position\":2,\"name\":\"Salimos en la prensa \u00abEl Jard\u00ed de Sant Gervasi\u00bb\"}]},{\"@type\":\"WebSite\",\"@id\":\"https:\/\/psico2.com\/es\/#website\",\"url\":\"https:\/\/psico2.com\/es\/\",\"name\":\"Psico2\",\"description\":\"Georgina Barcel\u00f3 i Alba Sabat\u00e9\",\"publisher\":{\"@id\":\"https:\/\/psico2.com\/es\/#organization\"},\"potentialAction\":[{\"@type\":\"SearchAction\",\"target\":{\"@type\":\"EntryPoint\",\"urlTemplate\":\"https:\/\/psico2.com\/es\/?s={search_term_string}\"},\"query-input\":{\"@type\":\"PropertyValueSpecification\",\"valueRequired\":true,\"valueName\":\"search_term_string\"}}],\"inLanguage\":\"es\"},{\"@type\":\"Organization\",\"@id\":\"https:\/\/psico2.com\/es\/#organization\",\"name\":\"Psico2\",\"url\":\"https:\/\/psico2.com\/es\/\",\"logo\":{\"@type\":\"ImageObject\",\"inLanguage\":\"es\",\"@id\":\"https:\/\/psico2.com\/es\/#\/schema\/logo\/image\/\",\"url\":\"https:\/\/psico2.com\/wp-content\/uploads\/2019\/01\/logo.png\",\"contentUrl\":\"https:\/\/psico2.com\/wp-content\/uploads\/2019\/01\/logo.png\",\"width\":512,\"height\":512,\"caption\":\"Psico2\"},\"image\":{\"@id\":\"https:\/\/psico2.com\/es\/#\/schema\/logo\/image\/\"},\"sameAs\":[\"https:\/\/www.facebook.com\/psico2psicologiaipsicopedagogia\/\",\"https:\/\/www.instagram.com\/psico2.georginaialba\/\",\"https:\/\/www.linkedin.com\/company\/psico2-psicologia-i-psicopedagogia\/about\/\"]},{\"@type\":\"Person\",\"@id\":\"https:\/\/psico2.com\/es\/#\/schema\/person\/9cc6b0e94e6eda73566edcb78f52eeff\",\"name\":\"Psico2\",\"image\":{\"@type\":\"ImageObject\",\"inLanguage\":\"es\",\"@id\":\"https:\/\/psico2.com\/es\/#\/schema\/person\/image\/\",\"url\":\"https:\/\/secure.gravatar.com\/avatar\/8068443d0e87320d89af0c6190e36c135a88a48cf9ce85ea85ce104114e88b67?s=96&d=mm&r=g\",\"contentUrl\":\"https:\/\/secure.gravatar.com\/avatar\/8068443d0e87320d89af0c6190e36c135a88a48cf9ce85ea85ce104114e88b67?s=96&d=mm&r=g\",\"caption\":\"Psico2\"}}]}<\/script>\n<!-- \/ Yoast SEO plugin. -->","yoast_head_json":{"title":"Salimos en la prensa \"El Jard\u00ed de Sant Gervasi\" | Psico2 | Georgina Barcel\u00f3 i Alba Sabat\u00e9","description":"Desde hoy, pod\u00e9is encontrar el art\u00edculo \" El aprendizaje actual en la escuela\" escrito por Psico2 , al periodico gratuito del barrio de Sant Gervasi. Lo","robots":{"index":"index","follow":"follow","max-snippet":"max-snippet:-1","max-image-preview":"max-image-preview:large","max-video-preview":"max-video-preview:-1"},"canonical":"https:\/\/psico2.com\/es\/general\/salimos-en-la-prensa-el-jardi-de-sant-gervasi\/","og_locale":"es_ES","og_type":"article","og_title":"Salimos en la prensa \"El Jard\u00ed de Sant Gervasi\" | Psico2 | Georgina Barcel\u00f3 i Alba Sabat\u00e9","og_description":"Desde hoy, pod\u00e9is encontrar el art\u00edculo \" El aprendizaje actual en la escuela\" escrito por Psico2 , al periodico gratuito del barrio de Sant Gervasi. Lo","og_url":"https:\/\/psico2.com\/es\/general\/salimos-en-la-prensa-el-jardi-de-sant-gervasi\/","og_site_name":"Psico2","article_publisher":"https:\/\/www.facebook.com\/psico2psicologiaipsicopedagogia\/","article_published_time":"2015-11-18T14:26:15+00:00","article_modified_time":"2019-03-29T15:02:24+00:00","og_image":[{"width":1498,"height":1011,"url":"https:\/\/psico2.com\/wp-content\/uploads\/2019\/02\/Psico2-al-Jard\u00ed-23.jpg","type":"image\/jpeg"}],"author":"Psico2","twitter_card":"summary_large_image","twitter_misc":{"Escrito por":"Psico2"},"schema":{"@context":"https:\/\/schema.org","@graph":[{"@type":"Article","@id":"https:\/\/psico2.com\/es\/general\/salimos-en-la-prensa-el-jardi-de-sant-gervasi\/#article","isPartOf":{"@id":"https:\/\/psico2.com\/es\/general\/salimos-en-la-prensa-el-jardi-de-sant-gervasi\/"},"author":{"name":"Psico2","@id":"https:\/\/psico2.com\/es\/#\/schema\/person\/9cc6b0e94e6eda73566edcb78f52eeff"},"headline":"Salimos en la prensa \u00abEl Jard\u00ed de Sant Gervasi\u00bb","datePublished":"2015-11-18T14:26:15+00:00","dateModified":"2019-03-29T15:02:24+00:00","mainEntityOfPage":{"@id":"https:\/\/psico2.com\/es\/general\/salimos-en-la-prensa-el-jardi-de-sant-gervasi\/"},"wordCount":91,"publisher":{"@id":"https:\/\/psico2.com\/es\/#organization"},"image":{"@id":"https:\/\/psico2.com\/es\/general\/salimos-en-la-prensa-el-jardi-de-sant-gervasi\/#primaryimage"},"thumbnailUrl":"https:\/\/psico2.com\/wp-content\/uploads\/2019\/02\/Psico2-al-Jard\u00ed-23.jpg","keywords":["emociones"],"articleSection":["General"],"inLanguage":"es"},{"@type":"WebPage","@id":"https:\/\/psico2.com\/es\/general\/salimos-en-la-prensa-el-jardi-de-sant-gervasi\/","url":"https:\/\/psico2.com\/es\/general\/salimos-en-la-prensa-el-jardi-de-sant-gervasi\/","name":"Salimos en la prensa \"El Jard\u00ed de Sant Gervasi\" | Psico2 | Georgina Barcel\u00f3 i Alba Sabat\u00e9","isPartOf":{"@id":"https:\/\/psico2.com\/es\/#website"},"primaryImageOfPage":{"@id":"https:\/\/psico2.com\/es\/general\/salimos-en-la-prensa-el-jardi-de-sant-gervasi\/#primaryimage"},"image":{"@id":"https:\/\/psico2.com\/es\/general\/salimos-en-la-prensa-el-jardi-de-sant-gervasi\/#primaryimage"},"thumbnailUrl":"https:\/\/psico2.com\/wp-content\/uploads\/2019\/02\/Psico2-al-Jard\u00ed-23.jpg","datePublished":"2015-11-18T14:26:15+00:00","dateModified":"2019-03-29T15:02:24+00:00","description":"Desde hoy, pod\u00e9is encontrar el art\u00edculo \" El aprendizaje actual en la escuela\" escrito por Psico2 , al periodico gratuito del barrio de Sant Gervasi. Lo","breadcrumb":{"@id":"https:\/\/psico2.com\/es\/general\/salimos-en-la-prensa-el-jardi-de-sant-gervasi\/#breadcrumb"},"inLanguage":"es","potentialAction":[{"@type":"ReadAction","target":["https:\/\/psico2.com\/es\/general\/salimos-en-la-prensa-el-jardi-de-sant-gervasi\/"]}]},{"@type":"ImageObject","inLanguage":"es","@id":"https:\/\/psico2.com\/es\/general\/salimos-en-la-prensa-el-jardi-de-sant-gervasi\/#primaryimage","url":"https:\/\/psico2.com\/wp-content\/uploads\/2019\/02\/Psico2-al-Jard\u00ed-23.jpg","contentUrl":"https:\/\/psico2.com\/wp-content\/uploads\/2019\/02\/Psico2-al-Jard\u00ed-23.jpg","width":1498,"height":1011,"caption":"Psico 2 - Blog - psicologia infantil"},{"@type":"BreadcrumbList","@id":"https:\/\/psico2.com\/es\/general\/salimos-en-la-prensa-el-jardi-de-sant-gervasi\/#breadcrumb","itemListElement":[{"@type":"ListItem","position":1,"name":"Inici","item":"https:\/\/psico2.com\/es\/"},{"@type":"ListItem","position":2,"name":"Salimos en la prensa \u00abEl Jard\u00ed de Sant Gervasi\u00bb"}]},{"@type":"WebSite","@id":"https:\/\/psico2.com\/es\/#website","url":"https:\/\/psico2.com\/es\/","name":"Psico2","description":"Georgina Barcel\u00f3 i Alba Sabat\u00e9","publisher":{"@id":"https:\/\/psico2.com\/es\/#organization"},"potentialAction":[{"@type":"SearchAction","target":{"@type":"EntryPoint","urlTemplate":"https:\/\/psico2.com\/es\/?s={search_term_string}"},"query-input":{"@type":"PropertyValueSpecification","valueRequired":true,"valueName":"search_term_string"}}],"inLanguage":"es"},{"@type":"Organization","@id":"https:\/\/psico2.com\/es\/#organization","name":"Psico2","url":"https:\/\/psico2.com\/es\/","logo":{"@type":"ImageObject","inLanguage":"es","@id":"https:\/\/psico2.com\/es\/#\/schema\/logo\/image\/","url":"https:\/\/psico2.com\/wp-content\/uploads\/2019\/01\/logo.png","contentUrl":"https:\/\/psico2.com\/wp-content\/uploads\/2019\/01\/logo.png","width":512,"height":512,"caption":"Psico2"},"image":{"@id":"https:\/\/psico2.com\/es\/#\/schema\/logo\/image\/"},"sameAs":["https:\/\/www.facebook.com\/psico2psicologiaipsicopedagogia\/","https:\/\/www.instagram.com\/psico2.georginaialba\/","https:\/\/www.linkedin.com\/company\/psico2-psicologia-i-psicopedagogia\/about\/"]},{"@type":"Person","@id":"https:\/\/psico2.com\/es\/#\/schema\/person\/9cc6b0e94e6eda73566edcb78f52eeff","name":"Psico2","image":{"@type":"ImageObject","inLanguage":"es","@id":"https:\/\/psico2.com\/es\/#\/schema\/person\/image\/","url":"https:\/\/secure.gravatar.com\/avatar\/8068443d0e87320d89af0c6190e36c135a88a48cf9ce85ea85ce104114e88b67?s=96&d=mm&r=g","contentUrl":"https:\/\/secure.gravatar.com\/avatar\/8068443d0e87320d89af0c6190e36c135a88a48cf9ce85ea85ce104114e88b67?s=96&d=mm&r=g","caption":"Psico2"}}]}},"_links":{"self":[{"href":"https:\/\/psico2.com\/es\/wp-json\/wp\/v2\/posts\/739","targetHints":{"allow":["GET"]}}],"collection":[{"href":"https:\/\/psico2.com\/es\/wp-json\/wp\/v2\/posts"}],"about":[{"href":"https:\/\/psico2.com\/es\/wp-json\/wp\/v2\/types\/post"}],"author":[{"embeddable":true,"href":"https:\/\/psico2.com\/es\/wp-json\/wp\/v2\/users\/2"}],"replies":[{"embeddable":true,"href":"https:\/\/psico2.com\/es\/wp-json\/wp\/v2\/comments?post=739"}],"version-history":[{"count":1,"href":"https:\/\/psico2.com\/es\/wp-json\/wp\/v2\/posts\/739\/revisions"}],"predecessor-version":[{"id":1028,"href":"https:\/\/psico2.com\/es\/wp-json\/wp\/v2\/posts\/739\/revisions\/1028"}],"wp:featuredmedia":[{"embeddable":true,"href":"https:\/\/psico2.com\/es\/wp-json\/wp\/v2\/media\/357"}],"wp:attachment":[{"href":"https:\/\/psico2.com\/es\/wp-json\/wp\/v2\/media?parent=739"}],"wp:term":[{"taxonomy":"category","embeddable":true,"href":"https:\/\/psico2.com\/es\/wp-json\/wp\/v2\/categories?post=739"},{"taxonomy":"post_tag","embeddable":true,"href":"https:\/\/psico2.com\/es\/wp-json\/wp\/v2\/tags?post=739"}],"curies":[{"name":"wp","href":"https:\/\/api.w.org\/{rel}","templated":true}]}}