{"id":740,"date":"2015-12-18T14:26:15","date_gmt":"2015-12-18T14:26:15","guid":{"rendered":"https:\/\/psico2.com\/general\/salimos-otra-vez-en-el-jardi-de-sant-gervasi\/"},"modified":"2019-03-29T15:03:37","modified_gmt":"2019-03-29T15:03:37","slug":"salimos-otra-vez-en-el-jardi-de-sant-gervasi","status":"publish","type":"post","link":"https:\/\/psico2.com\/es\/general\/salimos-otra-vez-en-el-jardi-de-sant-gervasi\/","title":{"rendered":"SALIMOS OTRA VEZ EN \u00abEL JARD\u00cd DE SANT GERVASI\u00bb"},"content":{"rendered":"<p style=\"text-align: justify;\">Arriba el Nadal, \u00e8poca de bons prop\u00f2sits, reunions, alegria i, perqu\u00e8 no dir-ho, totes aquelles coses que ens preocupen durant l\u2019any dins les nostres motxilles. Procurem amagar-les ja que no volem fer dif\u00edcils aquests dies als dem\u00e9s. Ens fem els valents i tanquem les nostres emocions amb clau fins que passin les festes. El que no sabem \u00e9s que elles i els nostres pensaments no entenen sobre dates assenyalades i apa &#8211; reixen en les ocasions m\u00e9s inesperades. La intenci\u00f3 de fer un par\u00e8ntesi emocional t\u00e9 el seu sentit per\u00f2 des de Psico2 us recomanem que no ho feu, estar connectat amb el que sentim ens ajuda a saber el que volem i cap a on anem. Qu\u00e8 passa quan evitem el nostre estat intern? Doncs que aquest es fa m\u00e9s gran i complicat. El que podria ser una emoci\u00f3 feta per sentir i acceptar, es pot arribar a convertir en una muntanya que ens provoca malestar, pensaments repetitius i tristesa. Quins consells us donem?<\/p>\n<p style=\"text-align: justify;\">1. Acceptar que, tot i ser Nadal, som \u00e9ssers humans: no entenem de temps i dies a nivell emocional.<\/p>\n<p style=\"text-align: justify;\">2. Recon\u00e8ixer qu\u00e8 passa dins nostre, donar-li nom i no evitar-ho.<\/p>\n<p style=\"text-align: justify;\">3. Entendre que els dem\u00e9s tamb\u00e9 senten emocions desagradables en molts moments i que no \u00e9s res desconegut per a ells.<\/p>\n<p style=\"text-align: justify;\">4. Fer l\u2019exercici de veure que aquests dies passaran i les coses continuaran com fins ara. Relativitzar el moment.<\/p>\n<p style=\"text-align: justify;\">5. No lluitar per estar b\u00e9, simplement acceptar el nostre estat. Aix\u00f2 far\u00e0 que marxi abans.<\/p>\n<p style=\"text-align: justify;\">6. Buscar els motius positius d\u2019aquestes festes.<\/p>\n<p style=\"text-align: justify;\">7. Gaudir de l\u2019acompanyament de la gent que tinguem al costat.<\/p>\n<p style=\"text-align: justify;\">8. Dur a terme alguna activitat diferent, especial, que ens vingui de gust fer i que ens motivi.<\/p>\n<p style=\"text-align: justify;\">9. Parlar sobre el que ens passa. Demanar ajuda al nostre entorn \u00e9s de vital import\u00e0ncia.<\/p>\n<p style=\"text-align: justify;\">10. Procurar que el di\u00e0leg intern amb nosaltres mateixos sigui el m\u00e9s compassiu possible, respectar-nos, estimar-nos i no jutjar-nos.<\/p>\n<p style=\"text-align: justify;\">Obrir la motxilla en \u00e8poques nadalenques pot semblar no ser el millor moment, per\u00f2 recordeu que com m\u00e9s plena estigui, el cam\u00ed es fa m\u00e9s dur. No deixeu que passi, potser com a prop\u00f2sit pel nou any us podeu plantejar afrontar els vostres fantasmes, les vostres pors o p\u00e8rdues i decidir canviar per a sentir-vos m\u00e9s forts. La tasca no \u00e9s f\u00e0cil, per\u00f2 tampoc ha de ser molt dif\u00edcil, simplement un pas m\u00e9s per poder continuar de la millor manera possible i sentir tot el que la vida ens proporcioni. Recorda que no cal que aquest pas el facis sol, sempre hi haur\u00e0 alg\u00fa que et pugui acompanyar fent el proc\u00e9s una mica m\u00e9s planer.<\/p>\n<p style=\"text-align: justify;\">Bones festes! I que tot all\u00f2 que ara mateix et fa mal sigui un punt d\u2019inflexi\u00f3 per al teu creixement personal.<\/p>\n","protected":false},"excerpt":{"rendered":"<p>Arriba el Nadal, \u00e8poca de bons prop\u00f2sits, reunions, alegria i, perqu\u00e8 no dir-ho, totes aquelles coses que ens preocupen durant l\u2019any dins les nostres motxilles. Procurem amagar-les ja que no volem fer dif\u00edcils aquests dies als dem\u00e9s. Ens fem els valents i tanquem les nostres emocions amb clau fins que passin les festes. El que [&hellip;]<\/p>\n","protected":false},"author":2,"featured_media":246,"comment_status":"closed","ping_status":"closed","sticky":false,"template":"","format":"standard","meta":{"footnotes":""},"categories":[215,5],"tags":[211,206,205],"class_list":["post-740","post","type-post","status-publish","format-standard","has-post-thumbnail","hentry","category-terapia-adultos","category-general","tag-solitud-es","tag-emociones","tag-muerte"],"yoast_head":"<!-- This site is optimized with the Yoast SEO plugin v27.1.1 - https:\/\/yoast.com\/product\/yoast-seo-wordpress\/ -->\n<title>SALIMOS OTRA VEZ EN &quot;EL JARD\u00cd DE SANT GERVASI&quot; | Psico2 | Georgina Barcel\u00f3 i Alba Sabat\u00e9<\/title>\n<meta name=\"description\" content=\"Arriba el Nadal, \u00e8poca de bons prop\u00f2sits, reunions, alegria i, perqu\u00e8 no dir-ho, totes aquelles coses que ens preocupen durant l\u2019any dins les nostres\" \/>\n<meta name=\"robots\" content=\"index, follow, max-snippet:-1, max-image-preview:large, max-video-preview:-1\" \/>\n<link rel=\"canonical\" href=\"https:\/\/psico2.com\/es\/general\/salimos-otra-vez-en-el-jardi-de-sant-gervasi\/\" \/>\n<meta property=\"og:locale\" content=\"es_ES\" \/>\n<meta property=\"og:type\" content=\"article\" \/>\n<meta property=\"og:title\" content=\"SALIMOS OTRA VEZ EN &quot;EL JARD\u00cd DE SANT GERVASI&quot; | Psico2 | Georgina Barcel\u00f3 i Alba Sabat\u00e9\" \/>\n<meta property=\"og:description\" content=\"Arriba el Nadal, \u00e8poca de bons prop\u00f2sits, reunions, alegria i, perqu\u00e8 no dir-ho, totes aquelles coses que ens preocupen durant l\u2019any dins les nostres\" \/>\n<meta property=\"og:url\" content=\"https:\/\/psico2.com\/es\/general\/salimos-otra-vez-en-el-jardi-de-sant-gervasi\/\" \/>\n<meta property=\"og:site_name\" content=\"Psico2\" \/>\n<meta property=\"article:publisher\" content=\"https:\/\/www.facebook.com\/psico2psicologiaipsicopedagogia\/\" \/>\n<meta property=\"article:published_time\" content=\"2015-12-18T14:26:15+00:00\" \/>\n<meta property=\"article:modified_time\" content=\"2019-03-29T15:03:37+00:00\" \/>\n<meta property=\"og:image\" content=\"https:\/\/psico2.com\/wp-content\/uploads\/2019\/02\/diari-de-st-gervasi.jpg\" \/>\n\t<meta property=\"og:image:width\" content=\"448\" \/>\n\t<meta property=\"og:image:height\" content=\"252\" \/>\n\t<meta property=\"og:image:type\" content=\"image\/jpeg\" \/>\n<meta name=\"author\" content=\"Psico2\" \/>\n<meta name=\"twitter:card\" content=\"summary_large_image\" \/>\n<meta name=\"twitter:label1\" content=\"Escrito por\" \/>\n\t<meta name=\"twitter:data1\" content=\"Psico2\" \/>\n\t<meta name=\"twitter:label2\" content=\"Tiempo de lectura\" \/>\n\t<meta name=\"twitter:data2\" content=\"2 minutos\" \/>\n<script type=\"application\/ld+json\" class=\"yoast-schema-graph\">{\"@context\":\"https:\/\/schema.org\",\"@graph\":[{\"@type\":\"Article\",\"@id\":\"https:\/\/psico2.com\/es\/general\/salimos-otra-vez-en-el-jardi-de-sant-gervasi\/#article\",\"isPartOf\":{\"@id\":\"https:\/\/psico2.com\/es\/general\/salimos-otra-vez-en-el-jardi-de-sant-gervasi\/\"},\"author\":{\"name\":\"Psico2\",\"@id\":\"https:\/\/psico2.com\/es\/#\/schema\/person\/9cc6b0e94e6eda73566edcb78f52eeff\"},\"headline\":\"SALIMOS OTRA VEZ EN \u00abEL JARD\u00cd DE SANT GERVASI\u00bb\",\"datePublished\":\"2015-12-18T14:26:15+00:00\",\"dateModified\":\"2019-03-29T15:03:37+00:00\",\"mainEntityOfPage\":{\"@id\":\"https:\/\/psico2.com\/es\/general\/salimos-otra-vez-en-el-jardi-de-sant-gervasi\/\"},\"wordCount\":483,\"publisher\":{\"@id\":\"https:\/\/psico2.com\/es\/#organization\"},\"image\":{\"@id\":\"https:\/\/psico2.com\/es\/general\/salimos-otra-vez-en-el-jardi-de-sant-gervasi\/#primaryimage\"},\"thumbnailUrl\":\"https:\/\/psico2.com\/wp-content\/uploads\/2019\/02\/diari-de-st-gervasi.jpg\",\"keywords\":[\"solitud\",\"emociones\",\"muerte\"],\"articleSection\":[\"Terapia adultos\",\"General\"],\"inLanguage\":\"es\"},{\"@type\":\"WebPage\",\"@id\":\"https:\/\/psico2.com\/es\/general\/salimos-otra-vez-en-el-jardi-de-sant-gervasi\/\",\"url\":\"https:\/\/psico2.com\/es\/general\/salimos-otra-vez-en-el-jardi-de-sant-gervasi\/\",\"name\":\"SALIMOS OTRA VEZ EN \\\"EL JARD\u00cd DE SANT GERVASI\\\" | Psico2 | Georgina Barcel\u00f3 i Alba Sabat\u00e9\",\"isPartOf\":{\"@id\":\"https:\/\/psico2.com\/es\/#website\"},\"primaryImageOfPage\":{\"@id\":\"https:\/\/psico2.com\/es\/general\/salimos-otra-vez-en-el-jardi-de-sant-gervasi\/#primaryimage\"},\"image\":{\"@id\":\"https:\/\/psico2.com\/es\/general\/salimos-otra-vez-en-el-jardi-de-sant-gervasi\/#primaryimage\"},\"thumbnailUrl\":\"https:\/\/psico2.com\/wp-content\/uploads\/2019\/02\/diari-de-st-gervasi.jpg\",\"datePublished\":\"2015-12-18T14:26:15+00:00\",\"dateModified\":\"2019-03-29T15:03:37+00:00\",\"description\":\"Arriba el Nadal, \u00e8poca de bons prop\u00f2sits, reunions, alegria i, perqu\u00e8 no dir-ho, totes aquelles coses que ens preocupen durant l\u2019any dins les nostres\",\"breadcrumb\":{\"@id\":\"https:\/\/psico2.com\/es\/general\/salimos-otra-vez-en-el-jardi-de-sant-gervasi\/#breadcrumb\"},\"inLanguage\":\"es\",\"potentialAction\":[{\"@type\":\"ReadAction\",\"target\":[\"https:\/\/psico2.com\/es\/general\/salimos-otra-vez-en-el-jardi-de-sant-gervasi\/\"]}]},{\"@type\":\"ImageObject\",\"inLanguage\":\"es\",\"@id\":\"https:\/\/psico2.com\/es\/general\/salimos-otra-vez-en-el-jardi-de-sant-gervasi\/#primaryimage\",\"url\":\"https:\/\/psico2.com\/wp-content\/uploads\/2019\/02\/diari-de-st-gervasi.jpg\",\"contentUrl\":\"https:\/\/psico2.com\/wp-content\/uploads\/2019\/02\/diari-de-st-gervasi.jpg\",\"width\":448,\"height\":252,\"caption\":\"Psico 2 - Blog - duelo\"},{\"@type\":\"BreadcrumbList\",\"@id\":\"https:\/\/psico2.com\/es\/general\/salimos-otra-vez-en-el-jardi-de-sant-gervasi\/#breadcrumb\",\"itemListElement\":[{\"@type\":\"ListItem\",\"position\":1,\"name\":\"Inici\",\"item\":\"https:\/\/psico2.com\/es\/\"},{\"@type\":\"ListItem\",\"position\":2,\"name\":\"SALIMOS OTRA VEZ EN \u00abEL JARD\u00cd DE SANT GERVASI\u00bb\"}]},{\"@type\":\"WebSite\",\"@id\":\"https:\/\/psico2.com\/es\/#website\",\"url\":\"https:\/\/psico2.com\/es\/\",\"name\":\"Psico2\",\"description\":\"Georgina Barcel\u00f3 i Alba Sabat\u00e9\",\"publisher\":{\"@id\":\"https:\/\/psico2.com\/es\/#organization\"},\"potentialAction\":[{\"@type\":\"SearchAction\",\"target\":{\"@type\":\"EntryPoint\",\"urlTemplate\":\"https:\/\/psico2.com\/es\/?s={search_term_string}\"},\"query-input\":{\"@type\":\"PropertyValueSpecification\",\"valueRequired\":true,\"valueName\":\"search_term_string\"}}],\"inLanguage\":\"es\"},{\"@type\":\"Organization\",\"@id\":\"https:\/\/psico2.com\/es\/#organization\",\"name\":\"Psico2\",\"url\":\"https:\/\/psico2.com\/es\/\",\"logo\":{\"@type\":\"ImageObject\",\"inLanguage\":\"es\",\"@id\":\"https:\/\/psico2.com\/es\/#\/schema\/logo\/image\/\",\"url\":\"https:\/\/psico2.com\/wp-content\/uploads\/2019\/01\/logo.png\",\"contentUrl\":\"https:\/\/psico2.com\/wp-content\/uploads\/2019\/01\/logo.png\",\"width\":512,\"height\":512,\"caption\":\"Psico2\"},\"image\":{\"@id\":\"https:\/\/psico2.com\/es\/#\/schema\/logo\/image\/\"},\"sameAs\":[\"https:\/\/www.facebook.com\/psico2psicologiaipsicopedagogia\/\",\"https:\/\/www.instagram.com\/psico2.georginaialba\/\",\"https:\/\/www.linkedin.com\/company\/psico2-psicologia-i-psicopedagogia\/about\/\"]},{\"@type\":\"Person\",\"@id\":\"https:\/\/psico2.com\/es\/#\/schema\/person\/9cc6b0e94e6eda73566edcb78f52eeff\",\"name\":\"Psico2\",\"image\":{\"@type\":\"ImageObject\",\"inLanguage\":\"es\",\"@id\":\"https:\/\/psico2.com\/es\/#\/schema\/person\/image\/\",\"url\":\"https:\/\/secure.gravatar.com\/avatar\/8068443d0e87320d89af0c6190e36c135a88a48cf9ce85ea85ce104114e88b67?s=96&d=mm&r=g\",\"contentUrl\":\"https:\/\/secure.gravatar.com\/avatar\/8068443d0e87320d89af0c6190e36c135a88a48cf9ce85ea85ce104114e88b67?s=96&d=mm&r=g\",\"caption\":\"Psico2\"}}]}<\/script>\n<!-- \/ Yoast SEO plugin. -->","yoast_head_json":{"title":"SALIMOS OTRA VEZ EN \"EL JARD\u00cd DE SANT GERVASI\" | Psico2 | Georgina Barcel\u00f3 i Alba Sabat\u00e9","description":"Arriba el Nadal, \u00e8poca de bons prop\u00f2sits, reunions, alegria i, perqu\u00e8 no dir-ho, totes aquelles coses que ens preocupen durant l\u2019any dins les nostres","robots":{"index":"index","follow":"follow","max-snippet":"max-snippet:-1","max-image-preview":"max-image-preview:large","max-video-preview":"max-video-preview:-1"},"canonical":"https:\/\/psico2.com\/es\/general\/salimos-otra-vez-en-el-jardi-de-sant-gervasi\/","og_locale":"es_ES","og_type":"article","og_title":"SALIMOS OTRA VEZ EN \"EL JARD\u00cd DE SANT GERVASI\" | Psico2 | Georgina Barcel\u00f3 i Alba Sabat\u00e9","og_description":"Arriba el Nadal, \u00e8poca de bons prop\u00f2sits, reunions, alegria i, perqu\u00e8 no dir-ho, totes aquelles coses que ens preocupen durant l\u2019any dins les nostres","og_url":"https:\/\/psico2.com\/es\/general\/salimos-otra-vez-en-el-jardi-de-sant-gervasi\/","og_site_name":"Psico2","article_publisher":"https:\/\/www.facebook.com\/psico2psicologiaipsicopedagogia\/","article_published_time":"2015-12-18T14:26:15+00:00","article_modified_time":"2019-03-29T15:03:37+00:00","og_image":[{"width":448,"height":252,"url":"https:\/\/psico2.com\/wp-content\/uploads\/2019\/02\/diari-de-st-gervasi.jpg","type":"image\/jpeg"}],"author":"Psico2","twitter_card":"summary_large_image","twitter_misc":{"Escrito por":"Psico2","Tiempo de lectura":"2 minutos"},"schema":{"@context":"https:\/\/schema.org","@graph":[{"@type":"Article","@id":"https:\/\/psico2.com\/es\/general\/salimos-otra-vez-en-el-jardi-de-sant-gervasi\/#article","isPartOf":{"@id":"https:\/\/psico2.com\/es\/general\/salimos-otra-vez-en-el-jardi-de-sant-gervasi\/"},"author":{"name":"Psico2","@id":"https:\/\/psico2.com\/es\/#\/schema\/person\/9cc6b0e94e6eda73566edcb78f52eeff"},"headline":"SALIMOS OTRA VEZ EN \u00abEL JARD\u00cd DE SANT GERVASI\u00bb","datePublished":"2015-12-18T14:26:15+00:00","dateModified":"2019-03-29T15:03:37+00:00","mainEntityOfPage":{"@id":"https:\/\/psico2.com\/es\/general\/salimos-otra-vez-en-el-jardi-de-sant-gervasi\/"},"wordCount":483,"publisher":{"@id":"https:\/\/psico2.com\/es\/#organization"},"image":{"@id":"https:\/\/psico2.com\/es\/general\/salimos-otra-vez-en-el-jardi-de-sant-gervasi\/#primaryimage"},"thumbnailUrl":"https:\/\/psico2.com\/wp-content\/uploads\/2019\/02\/diari-de-st-gervasi.jpg","keywords":["solitud","emociones","muerte"],"articleSection":["Terapia adultos","General"],"inLanguage":"es"},{"@type":"WebPage","@id":"https:\/\/psico2.com\/es\/general\/salimos-otra-vez-en-el-jardi-de-sant-gervasi\/","url":"https:\/\/psico2.com\/es\/general\/salimos-otra-vez-en-el-jardi-de-sant-gervasi\/","name":"SALIMOS OTRA VEZ EN \"EL JARD\u00cd DE SANT GERVASI\" | Psico2 | Georgina Barcel\u00f3 i Alba Sabat\u00e9","isPartOf":{"@id":"https:\/\/psico2.com\/es\/#website"},"primaryImageOfPage":{"@id":"https:\/\/psico2.com\/es\/general\/salimos-otra-vez-en-el-jardi-de-sant-gervasi\/#primaryimage"},"image":{"@id":"https:\/\/psico2.com\/es\/general\/salimos-otra-vez-en-el-jardi-de-sant-gervasi\/#primaryimage"},"thumbnailUrl":"https:\/\/psico2.com\/wp-content\/uploads\/2019\/02\/diari-de-st-gervasi.jpg","datePublished":"2015-12-18T14:26:15+00:00","dateModified":"2019-03-29T15:03:37+00:00","description":"Arriba el Nadal, \u00e8poca de bons prop\u00f2sits, reunions, alegria i, perqu\u00e8 no dir-ho, totes aquelles coses que ens preocupen durant l\u2019any dins les nostres","breadcrumb":{"@id":"https:\/\/psico2.com\/es\/general\/salimos-otra-vez-en-el-jardi-de-sant-gervasi\/#breadcrumb"},"inLanguage":"es","potentialAction":[{"@type":"ReadAction","target":["https:\/\/psico2.com\/es\/general\/salimos-otra-vez-en-el-jardi-de-sant-gervasi\/"]}]},{"@type":"ImageObject","inLanguage":"es","@id":"https:\/\/psico2.com\/es\/general\/salimos-otra-vez-en-el-jardi-de-sant-gervasi\/#primaryimage","url":"https:\/\/psico2.com\/wp-content\/uploads\/2019\/02\/diari-de-st-gervasi.jpg","contentUrl":"https:\/\/psico2.com\/wp-content\/uploads\/2019\/02\/diari-de-st-gervasi.jpg","width":448,"height":252,"caption":"Psico 2 - Blog - duelo"},{"@type":"BreadcrumbList","@id":"https:\/\/psico2.com\/es\/general\/salimos-otra-vez-en-el-jardi-de-sant-gervasi\/#breadcrumb","itemListElement":[{"@type":"ListItem","position":1,"name":"Inici","item":"https:\/\/psico2.com\/es\/"},{"@type":"ListItem","position":2,"name":"SALIMOS OTRA VEZ EN \u00abEL JARD\u00cd DE SANT GERVASI\u00bb"}]},{"@type":"WebSite","@id":"https:\/\/psico2.com\/es\/#website","url":"https:\/\/psico2.com\/es\/","name":"Psico2","description":"Georgina Barcel\u00f3 i Alba Sabat\u00e9","publisher":{"@id":"https:\/\/psico2.com\/es\/#organization"},"potentialAction":[{"@type":"SearchAction","target":{"@type":"EntryPoint","urlTemplate":"https:\/\/psico2.com\/es\/?s={search_term_string}"},"query-input":{"@type":"PropertyValueSpecification","valueRequired":true,"valueName":"search_term_string"}}],"inLanguage":"es"},{"@type":"Organization","@id":"https:\/\/psico2.com\/es\/#organization","name":"Psico2","url":"https:\/\/psico2.com\/es\/","logo":{"@type":"ImageObject","inLanguage":"es","@id":"https:\/\/psico2.com\/es\/#\/schema\/logo\/image\/","url":"https:\/\/psico2.com\/wp-content\/uploads\/2019\/01\/logo.png","contentUrl":"https:\/\/psico2.com\/wp-content\/uploads\/2019\/01\/logo.png","width":512,"height":512,"caption":"Psico2"},"image":{"@id":"https:\/\/psico2.com\/es\/#\/schema\/logo\/image\/"},"sameAs":["https:\/\/www.facebook.com\/psico2psicologiaipsicopedagogia\/","https:\/\/www.instagram.com\/psico2.georginaialba\/","https:\/\/www.linkedin.com\/company\/psico2-psicologia-i-psicopedagogia\/about\/"]},{"@type":"Person","@id":"https:\/\/psico2.com\/es\/#\/schema\/person\/9cc6b0e94e6eda73566edcb78f52eeff","name":"Psico2","image":{"@type":"ImageObject","inLanguage":"es","@id":"https:\/\/psico2.com\/es\/#\/schema\/person\/image\/","url":"https:\/\/secure.gravatar.com\/avatar\/8068443d0e87320d89af0c6190e36c135a88a48cf9ce85ea85ce104114e88b67?s=96&d=mm&r=g","contentUrl":"https:\/\/secure.gravatar.com\/avatar\/8068443d0e87320d89af0c6190e36c135a88a48cf9ce85ea85ce104114e88b67?s=96&d=mm&r=g","caption":"Psico2"}}]}},"_links":{"self":[{"href":"https:\/\/psico2.com\/es\/wp-json\/wp\/v2\/posts\/740","targetHints":{"allow":["GET"]}}],"collection":[{"href":"https:\/\/psico2.com\/es\/wp-json\/wp\/v2\/posts"}],"about":[{"href":"https:\/\/psico2.com\/es\/wp-json\/wp\/v2\/types\/post"}],"author":[{"embeddable":true,"href":"https:\/\/psico2.com\/es\/wp-json\/wp\/v2\/users\/2"}],"replies":[{"embeddable":true,"href":"https:\/\/psico2.com\/es\/wp-json\/wp\/v2\/comments?post=740"}],"version-history":[{"count":1,"href":"https:\/\/psico2.com\/es\/wp-json\/wp\/v2\/posts\/740\/revisions"}],"predecessor-version":[{"id":964,"href":"https:\/\/psico2.com\/es\/wp-json\/wp\/v2\/posts\/740\/revisions\/964"}],"wp:featuredmedia":[{"embeddable":true,"href":"https:\/\/psico2.com\/es\/wp-json\/wp\/v2\/media\/246"}],"wp:attachment":[{"href":"https:\/\/psico2.com\/es\/wp-json\/wp\/v2\/media?parent=740"}],"wp:term":[{"taxonomy":"category","embeddable":true,"href":"https:\/\/psico2.com\/es\/wp-json\/wp\/v2\/categories?post=740"},{"taxonomy":"post_tag","embeddable":true,"href":"https:\/\/psico2.com\/es\/wp-json\/wp\/v2\/tags?post=740"}],"curies":[{"name":"wp","href":"https:\/\/api.w.org\/{rel}","templated":true}]}}